{"id":10631,"date":"2023-11-01T00:00:00","date_gmt":"2023-10-31T23:00:00","guid":{"rendered":"https:\/\/kanzlei-fahn.de\/november_2023-sozialversicherungs-rechengroessen_2024\/"},"modified":"2023-12-04T12:54:19","modified_gmt":"2023-12-04T11:54:19","slug":"november_2023-sozialversicherungs-rechengroessen_2024","status":"publish","type":"post","link":"https:\/\/kanzlei-fahn.de\/en\/november_2023-sozialversicherungs-rechengroessen_2024\/","title":{"rendered":"Sozialversicherungs-Rechengr\u00f6\u00dfen 2024"},"content":{"rendered":"<p><img decoding=\"async\" src=\"https:\/\/kanzlei-fahn.de\/wp-content\/uploads\/Sozialversicherungs-Rechengroessen_2024_V2_AdobeStock_28495527_gr_w500_h0_q80_jpg.jpg\" \/><\/p>\n<h2>Beitragsbemessungs- und Versicherungspflichtgrenzen 2024<\/h2>\n<p>Das Bundesministerium f\u00fcr Arbeit und Soziales\/BMAS hat den Entwurf der Sozialversicherungs-Rechengr\u00f6\u00dfenverordnung 2024 vorgelegt. Die Verordnung legt die Beitragsbemessungs- und Versicherungsp\ufb02ichtgrenzen in der gesetzlichen Sozialversicherung f\u00fcr das neue Jahr fest. Berechnungsgrundlage ist die Ver\u00e4nderung der Bruttol\u00f6hne und -geh\u00e4lter der Arbeitnehmer im vorangegangenen Jahr 2022. Die Rechengr\u00f6\u00dfen werden nach einer festen Formel an die Lohnentwicklung angepasst. Nachdem die Lohnsteigerungen 2022 besonders hoch waren, steigen auch die Beitragsbemessungs- und Versicherungspflichtgrenzen deutlich an.<\/p>\n<h2>Renten- und Arbeitslosenversicherung<\/h2>\n<p>Die monatliche Beitragsbemessungsgrenze in der allgemeinen Renten- und Arbeitslosenversicherung (West) f\u00fcr 2024 betr\u00e4gt nach dem Entwurf \u20ac 7.550,00\/Monat bzw.<\/p>\n<p>\u20ac 90.600,00\/Jahr. Die Beitragsbemessungsgrenze Ost wird auf \u20ac 7.450,00\/Monat bzw. \u20ac 89.400,00\/Jahr angehoben.<\/p>\n<h2>Gesetzliche Krankenversicherung<\/h2>\n<p>Die bundeseinheitlich geltende Versicherungspflichtgrenze f\u00fcr die gesetzliche Krankenversicherung betr\u00e4gt f\u00fcr 2024 voraussichtlich \u20ac 69.300,00\/Jahr bzw. \u20ac 5.775,00 monatlich. Die ebenfalls bundeseinheitlich geltende Beitragsbemessungsgrenze in der gesetzlichen Krankenversicherung 2024 wird nach dem Entwurf auf \u20ac 62.100,00\/Jahr bzw. 5.175,00 monatlich festgelegt.<\/p>\n<p class=&quot;hide_creation_date&quot;>Stand: 25. Oktober 2023<\/p>\n<div class=&quot;hide_image_author&quot;>\n<p>Bild: Dilok &#8211; stock.adobe.com<\/p>\n<\/div>\n","protected":false},"excerpt":{"rendered":"<p>Beitragsbemessungsgrenzen steigen deutlich ab 2024<\/p>\n","protected":false},"author":1,"featured_media":0,"comment_status":"closed","ping_status":"closed","sticky":false,"template":"","format":"standard","meta":{"footnotes":""},"categories":[73],"tags":[],"class_list":["post-10631","post","type-post","status-publish","format-standard","hentry","category-steuernews"],"aioseo_notices":[],"_links":{"self":[{"href":"https:\/\/kanzlei-fahn.de\/en\/wp-json\/wp\/v2\/posts\/10631","targetHints":{"allow":["GET"]}}],"collection":[{"href":"https:\/\/kanzlei-fahn.de\/en\/wp-json\/wp\/v2\/posts"}],"about":[{"href":"https:\/\/kanzlei-fahn.de\/en\/wp-json\/wp\/v2\/types\/post"}],"author":[{"embeddable":true,"href":"https:\/\/kanzlei-fahn.de\/en\/wp-json\/wp\/v2\/users\/1"}],"replies":[{"embeddable":true,"href":"https:\/\/kanzlei-fahn.de\/en\/wp-json\/wp\/v2\/comments?post=10631"}],"version-history":[{"count":4,"href":"https:\/\/kanzlei-fahn.de\/en\/wp-json\/wp\/v2\/posts\/10631\/revisions"}],"predecessor-version":[{"id":10980,"href":"https:\/\/kanzlei-fahn.de\/en\/wp-json\/wp\/v2\/posts\/10631\/revisions\/10980"}],"wp:attachment":[{"href":"https:\/\/kanzlei-fahn.de\/en\/wp-json\/wp\/v2\/media?parent=10631"}],"wp:term":[{"taxonomy":"category","embeddable":true,"href":"https:\/\/kanzlei-fahn.de\/en\/wp-json\/wp\/v2\/categories?post=10631"},{"taxonomy":"post_tag","embeddable":true,"href":"https:\/\/kanzlei-fahn.de\/en\/wp-json\/wp\/v2\/tags?post=10631"}],"curies":[{"name":"wp","href":"https:\/\/api.w.org\/{rel}","templated":true}]}}