{"id":10633,"date":"2023-11-01T00:00:00","date_gmt":"2023-10-31T23:00:00","guid":{"rendered":"https:\/\/kanzlei-fahn.de\/november_2023-besteuerung_eines_gemischt_genutzten_pkws\/"},"modified":"2023-12-04T12:54:20","modified_gmt":"2023-12-04T11:54:20","slug":"november_2023-besteuerung_eines_gemischt_genutzten_pkws","status":"publish","type":"post","link":"https:\/\/kanzlei-fahn.de\/en\/november_2023-besteuerung_eines_gemischt_genutzten_pkws\/","title":{"rendered":"Besteuerung eines gemischt genutzten Pkws"},"content":{"rendered":"<p><img decoding=\"async\" src=\"https:\/\/kanzlei-fahn.de\/wp-content\/uploads\/Besteuerung_eines_gemischt_genutzten_Pkws_V2_AdobeStock_636907817_gr_w500_h0_q80_jpg.jpg\" \/><\/p>\n<h2>Gewillk\u00fcrtes Betriebsverm\u00f6gen<\/h2>\n<p>Im Einkommensteuerrecht ist zu unterscheiden zwischen notwendigem und gewillk\u00fcrtem Betriebsverm\u00f6gen. Unter das gewillk\u00fcrte Betriebsverm\u00f6gen fallen Wirtschaftsg\u00fcter, die nicht mehr als 50 % und nicht weniger als 10 % betrieblich genutzt werden. Wird z. B. ein Pkw innerhalb dieser Prozentspanne genutzt, kann der Unternehmer diesen Pkw dem gewillk\u00fcrten Betriebsverm\u00f6gen zuordnen. Hierzu muss er diesen unmissverst\u00e4ndlich verst\u00e4ndlich, z. B. durch unmittelbare Aufnahme in sein Anlageverzeichnis, dem Betriebsverm\u00f6gen zuordnen.\u00a0<\/p>\n<h2>Steuerliche Folgen<\/h2>\n<p>Die Zuordnung eines gemischt genutzten Pkw zum Betriebsverm\u00f6gen will aber wohl \u00fcberlegt sein, wie das Fallbeispiel zeigt, das der Bundesfinanzhof\/BFH entschied. Ein freiberuflich t\u00e4tiger Schriftsteller und Gutachter ordnete seinen zu 25 % f\u00fcr seine freiberufliche T\u00e4tigkeit und zu 75 % f\u00fcr private Zwecke genutzten Pkw dem gewillk\u00fcrten Betriebsverm\u00f6gen zu. Als er den Pkw dann verkaufte, erfuhr er vom BFH, dass er den gesamten Ver\u00e4u\u00dferungserl\u00f6s der Einkommensteuer unterwerfen musste. Dies trotz der j\u00e4hrlichen Nutzungsentnahme i. H. von 75 %. Der BFH sah keine Gr\u00fcnde f\u00fcr eine anteilige K\u00fcrzung noch f\u00fcr eine gewinnmindernde Korrektur in H\u00f6he der auf die private Nutzung entfallenden Abschreibungen (Urteil vom 16.6.2020, VIII R 9\/18). Der Bundesfinanzhof argumentiert u. a. damit, dass die Besteuerung der Nutzungsentnahme unter Ber\u00fccksichtigung der Abschreibung in keinem rechtlichen oder wirtschaftlichen Zusammenhang mit der Bemessung des Ver\u00e4u\u00dferungsgewinns steht. Es w\u00fcrde sich um unterschiedliche Vorg\u00e4nge handeln, die getrennt zu betrachten sind.<\/p>\n<h2>Fazit<\/h2>\n<p>Obwohl der Schriftsteller praktisch nur 25 % der Anschaffungskosten steuermindernd abschreiben konnte, muss er den gesamten Ver\u00e4u\u00dferungserl\u00f6s der Einkommensteuer unterwerfen. Gegen dieses Urteil ist ein Beschwerdeverfahren vor dem Bundesverfassungsgericht anh\u00e4ngig (Az. 2 BvR 2161\/20).<\/p>\n<p class=&quot;hide_creation_date&quot;>Stand: 25. Oktober 2023<\/p>\n<div class=&quot;hide_image_author&quot;>\n<p>Bild:  ink drop &#8211; stock.adobe.com<\/p>\n<\/div>\n","protected":false},"excerpt":{"rendered":"<p>Zuordnung eines unter 50 % betrieblich genutzten Kfz zum Betriebsverm\u00f6gen will wohl\u00fcberlegt sein<\/p>\n","protected":false},"author":1,"featured_media":0,"comment_status":"closed","ping_status":"closed","sticky":false,"template":"","format":"standard","meta":{"footnotes":""},"categories":[73],"tags":[],"class_list":["post-10633","post","type-post","status-publish","format-standard","hentry","category-steuernews"],"aioseo_notices":[],"_links":{"self":[{"href":"https:\/\/kanzlei-fahn.de\/en\/wp-json\/wp\/v2\/posts\/10633","targetHints":{"allow":["GET"]}}],"collection":[{"href":"https:\/\/kanzlei-fahn.de\/en\/wp-json\/wp\/v2\/posts"}],"about":[{"href":"https:\/\/kanzlei-fahn.de\/en\/wp-json\/wp\/v2\/types\/post"}],"author":[{"embeddable":true,"href":"https:\/\/kanzlei-fahn.de\/en\/wp-json\/wp\/v2\/users\/1"}],"replies":[{"embeddable":true,"href":"https:\/\/kanzlei-fahn.de\/en\/wp-json\/wp\/v2\/comments?post=10633"}],"version-history":[{"count":4,"href":"https:\/\/kanzlei-fahn.de\/en\/wp-json\/wp\/v2\/posts\/10633\/revisions"}],"predecessor-version":[{"id":10984,"href":"https:\/\/kanzlei-fahn.de\/en\/wp-json\/wp\/v2\/posts\/10633\/revisions\/10984"}],"wp:attachment":[{"href":"https:\/\/kanzlei-fahn.de\/en\/wp-json\/wp\/v2\/media?parent=10633"}],"wp:term":[{"taxonomy":"category","embeddable":true,"href":"https:\/\/kanzlei-fahn.de\/en\/wp-json\/wp\/v2\/categories?post=10633"},{"taxonomy":"post_tag","embeddable":true,"href":"https:\/\/kanzlei-fahn.de\/en\/wp-json\/wp\/v2\/tags?post=10633"}],"curies":[{"name":"wp","href":"https:\/\/api.w.org\/{rel}","templated":true}]}}