{"id":10634,"date":"2023-11-01T00:00:00","date_gmt":"2023-10-31T23:00:00","guid":{"rendered":"https:\/\/kanzlei-fahn.de\/november_2023-aktuelle_aenderungen_im_dba_oesterreich\/"},"modified":"2023-12-04T12:54:25","modified_gmt":"2023-12-04T11:54:25","slug":"november_2023-aktuelle_aenderungen_im_dba_oesterreich","status":"publish","type":"post","link":"https:\/\/kanzlei-fahn.de\/en\/november_2023-aktuelle_aenderungen_im_dba_oesterreich\/","title":{"rendered":"Aktuelle \u00c4nderungen im DBA \u00d6sterreich"},"content":{"rendered":"<p><img decoding=\"async\" src=\"https:\/\/kanzlei-fahn.de\/wp-content\/uploads\/Aktuelle_Aenderungen_im_DBA_Oesterreich_V2_AdobeStock_509673245_gr_w500_h0_q80_jpg.jpg\" \/><\/p>\n<h2>Grenzg\u00e4nger und Homeoffice<\/h2>\n<p>Neu gefasst und an die zwischenzeitlich ge\u00e4nderten Arbeitsbedingungen angepasst wurde unter anderem die Grenzg\u00e4ngerregelung im DBA (vgl. Art IX \u00c4nderungsprotokoll zu Artikel 15 Absatz 6 und Artikel 19 Absatz 1a). Nach der Neufassung erf\u00fcllen Personen bereits dann die Grenzg\u00e4ngereigenschaft, wenn sie in der Grenzzone arbeiten und dort ihren Hauptwohnsitz haben. Homeofficetage z\u00e4hlen k\u00fcnftig nicht mehr zu den sch\u00e4dlichen Tagen im Sinne der Grenzg\u00e4ngerregelung und ein t\u00e4gliches Pendeln \u00fcber die Grenze ist nicht mehr erforderlich.<\/p>\n<h2>Grenzzone<\/h2>\n<p>Die Bestimmung der Grenzzone wurde vereinfacht und geographisch leicht ausgeweitet. Der Ausdruck \u201ein der N\u00e4he der Grenze\u201c umfasst nach der Neufassung die Gemeinden, deren Gebiet ganz oder teilweise in einer Zone von je 30 Kilometern beiderseits der Grenze liegt. Arbeitnehmer \u00fcben ihre T\u00e4tigkeit in der N\u00e4he der Grenze aus, wenn sie w\u00e4hrend eines Kalenderjahres h\u00f6chstens an 45 Arbeitstagen ganz oder teilweise au\u00dferhalb der N\u00e4he der Grenze t\u00e4tig werden. Die Tage au\u00dferhalb der Zone d\u00fcrfen zudem h\u00f6chstens 20 % der tats\u00e4chlichen Arbeitstage w\u00e4hrend eines Kalenderjahres betragen.<\/p>\n<h2>\u00d6ffentlicher Dienst<\/h2>\n<p>Die Grenzg\u00e4ngerregelung findet k\u00fcnftig auch auf im \u00f6ffentlichen Dienst Besch\u00e4ftigte Anwendung.<\/p>\n<h2>Inkrafttreten<\/h2>\n<p>Die DBA-\u00c4nderungen sind anzuwenden ab dem 1. Januar des Kalenderjahres, der dem Jahr folgt, in dem das \u00c4nderungsprotokoll in Kraft getreten ist. Die angepasste Grenzg\u00e4ngerregelung tritt allerdings bereits ab dem 1.1.2024 in Kraft, unabh\u00e4ngig von einem sp\u00e4teren Inkrafttreten des Protokolls.<\/p>\n<p class=&quot;hide_creation_date&quot;>Stand: 25. Oktober 2023<\/p>\n<div class=&quot;hide_image_author&quot;>\n<p>Bild: studio v-zwoelf &#8211; stock.adobe.com<\/p>\n<\/div>\n","protected":false},"excerpt":{"rendered":"<p>Anpassung der DBA-Grenzg\u00e4ngerregelung an die neuen Homeofficezeiten<\/p>\n","protected":false},"author":1,"featured_media":0,"comment_status":"closed","ping_status":"closed","sticky":false,"template":"","format":"standard","meta":{"footnotes":""},"categories":[73],"tags":[],"class_list":["post-10634","post","type-post","status-publish","format-standard","hentry","category-steuernews"],"aioseo_notices":[],"_links":{"self":[{"href":"https:\/\/kanzlei-fahn.de\/en\/wp-json\/wp\/v2\/posts\/10634","targetHints":{"allow":["GET"]}}],"collection":[{"href":"https:\/\/kanzlei-fahn.de\/en\/wp-json\/wp\/v2\/posts"}],"about":[{"href":"https:\/\/kanzlei-fahn.de\/en\/wp-json\/wp\/v2\/types\/post"}],"author":[{"embeddable":true,"href":"https:\/\/kanzlei-fahn.de\/en\/wp-json\/wp\/v2\/users\/1"}],"replies":[{"embeddable":true,"href":"https:\/\/kanzlei-fahn.de\/en\/wp-json\/wp\/v2\/comments?post=10634"}],"version-history":[{"count":4,"href":"https:\/\/kanzlei-fahn.de\/en\/wp-json\/wp\/v2\/posts\/10634\/revisions"}],"predecessor-version":[{"id":10986,"href":"https:\/\/kanzlei-fahn.de\/en\/wp-json\/wp\/v2\/posts\/10634\/revisions\/10986"}],"wp:attachment":[{"href":"https:\/\/kanzlei-fahn.de\/en\/wp-json\/wp\/v2\/media?parent=10634"}],"wp:term":[{"taxonomy":"category","embeddable":true,"href":"https:\/\/kanzlei-fahn.de\/en\/wp-json\/wp\/v2\/categories?post=10634"},{"taxonomy":"post_tag","embeddable":true,"href":"https:\/\/kanzlei-fahn.de\/en\/wp-json\/wp\/v2\/tags?post=10634"}],"curies":[{"name":"wp","href":"https:\/\/api.w.org\/{rel}","templated":true}]}}