{"id":10635,"date":"2023-11-01T00:00:00","date_gmt":"2023-10-31T23:00:00","guid":{"rendered":"https:\/\/kanzlei-fahn.de\/november_2023-sachbezugswerte_2024\/"},"modified":"2023-12-04T12:54:26","modified_gmt":"2023-12-04T11:54:26","slug":"november_2023-sachbezugswerte_2024","status":"publish","type":"post","link":"https:\/\/kanzlei-fahn.de\/en\/november_2023-sachbezugswerte_2024\/","title":{"rendered":"Sachbezugswerte 2024"},"content":{"rendered":"<p><img decoding=\"async\" src=\"https:\/\/kanzlei-fahn.de\/wp-content\/uploads\/Sachbezugswerte_2024_V2_AdobeStock_347967498_gr_w500_h0_q80_jpg.jpg\" \/><\/p>\n<h2>Sozialversicherungsentgeltverordnung<\/h2>\n<p>Das Bundesministerium f\u00fcr Arbeit und Soziales\/BMAS hat die vorl\u00e4ufigen Sachbezugswerte f\u00fcr 2024 festgelegt. Der monatliche Sachbezugswert f\u00fcr verbilligte oder unentgeltliche Mahlzeiten betr\u00e4gt ab 1.1.2024 \u20ac 313,00. Daraus folgend sind f\u00fcr ein Fr\u00fchst\u00fcck kalendert\u00e4glich \u20ac 2,17 und f\u00fcr ein Mittag- oder Abendessen kalendert\u00e4glich \u20ac 4,13 anzusetzen (kalendert\u00e4glicher Gesamtwert f\u00fcr Verpflegung = \u20ac 10,43).<\/p>\n<h2>Unterkunft<\/h2>\n<p>F\u00fcr freie oder verbilligte Unterkunft an Arbeitnehmer betr\u00e4gt der Sachbezugswert ab dem 1.1.2024 \u20ac 278,00 (= kalendert\u00e4glich \u20ac 9,27). Die vorgenannten Sachbezugswerte unterliegen sowohl der Steuer- als auch der Beitragspflicht in der Sozialversicherung.<\/p>\n<p class=&quot;hide_creation_date&quot;>Stand: 25. Oktober 2023<\/p>\n<div class=&quot;hide_image_author&quot;>\n<p>Bild: TensorSpark &#8211; stock.adobe.com<\/p>\n<\/div>\n","protected":false},"excerpt":{"rendered":"<p>Welche Sachbezugswerte in 2024 gelten<\/p>\n","protected":false},"author":1,"featured_media":0,"comment_status":"closed","ping_status":"closed","sticky":false,"template":"","format":"standard","meta":{"footnotes":""},"categories":[73],"tags":[],"class_list":["post-10635","post","type-post","status-publish","format-standard","hentry","category-steuernews"],"aioseo_notices":[],"_links":{"self":[{"href":"https:\/\/kanzlei-fahn.de\/en\/wp-json\/wp\/v2\/posts\/10635","targetHints":{"allow":["GET"]}}],"collection":[{"href":"https:\/\/kanzlei-fahn.de\/en\/wp-json\/wp\/v2\/posts"}],"about":[{"href":"https:\/\/kanzlei-fahn.de\/en\/wp-json\/wp\/v2\/types\/post"}],"author":[{"embeddable":true,"href":"https:\/\/kanzlei-fahn.de\/en\/wp-json\/wp\/v2\/users\/1"}],"replies":[{"embeddable":true,"href":"https:\/\/kanzlei-fahn.de\/en\/wp-json\/wp\/v2\/comments?post=10635"}],"version-history":[{"count":4,"href":"https:\/\/kanzlei-fahn.de\/en\/wp-json\/wp\/v2\/posts\/10635\/revisions"}],"predecessor-version":[{"id":10988,"href":"https:\/\/kanzlei-fahn.de\/en\/wp-json\/wp\/v2\/posts\/10635\/revisions\/10988"}],"wp:attachment":[{"href":"https:\/\/kanzlei-fahn.de\/en\/wp-json\/wp\/v2\/media?parent=10635"}],"wp:term":[{"taxonomy":"category","embeddable":true,"href":"https:\/\/kanzlei-fahn.de\/en\/wp-json\/wp\/v2\/categories?post=10635"},{"taxonomy":"post_tag","embeddable":true,"href":"https:\/\/kanzlei-fahn.de\/en\/wp-json\/wp\/v2\/tags?post=10635"}],"curies":[{"name":"wp","href":"https:\/\/api.w.org\/{rel}","templated":true}]}}