{"id":10854,"date":"2023-12-01T00:00:00","date_gmt":"2023-11-30T23:00:00","guid":{"rendered":"https:\/\/kanzlei-fahn.de\/dezember_2023-betriebsausgabepauschalen_2023\/"},"modified":"2024-01-01T10:38:17","modified_gmt":"2024-01-01T09:38:17","slug":"dezember_2023-betriebsausgabepauschalen_2023","status":"publish","type":"post","link":"https:\/\/kanzlei-fahn.de\/en\/dezember_2023-betriebsausgabepauschalen_2023\/","title":{"rendered":"Betriebsausgabepauschalen 2023"},"content":{"rendered":"<p><img decoding=\"async\" src=\"https:\/\/kanzlei-fahn.de\/wp-content\/uploads\/AdobeStock_332616702_Betriebsausgabenpauschalen_2023_V2_w500_h0_q80_jpg-1.jpg\" \/><\/p>\n<h2>Betriebsausgabencheck 2023<\/h2>\n<p>Berufskraftfahrer, selbstst\u00e4ndige Schriftsteller und Journalisten oder Steuerpflichtige, die eine wissenschaftliche, k\u00fcnstlerische oder schriftstellerische Nebent\u00e4tigkeit aus\u00fcben, sollten zum Jahresende ihre tats\u00e4chlichen in 2023 angefallenen Betriebsausgaben mit diversen von der Finanzverwaltung gew\u00e4hrten Betriebsausgabenpauschalen vergleichen. In der Jahreseinkommensteuererkl\u00e4rung sollte der jeweils h\u00f6here Betrag angesetzt werden.<\/p>\n<h2>H\u00f6here Betriebsausgabenpauschalen 2023<\/h2>\n<p>Die Finanzverwaltung hat die zul\u00e4ssigen Betriebsausgabenpauschalen in 2023 angehoben (vgl. BMF-Schreiben vom 6.4.2023 V C 6 \u2013 S 2246\/20\/10002:001). F\u00fcr die Gewinnermittlung 2023 k\u00f6nnen folgende Pauschalen angesetzt werden: Hauptberuflich selbstst\u00e4ndig t\u00e4tige Schriftsteller und Journalisten k\u00f6nnen 30 % ihrer Betriebseinnahmen, h\u00f6chstens \u20ac 3.600,00 (bisher \u20ac 2.455,00), geltend machen. Nebenberuflich wissenschaftlich, k\u00fcnstlerisch oder schriftstellerisch T\u00e4tige k\u00f6nnen 25 % ihrer Betriebseinnahmen, h\u00f6chstens \u20ac 900,00, pauschal absetzen (bisher \u20ac 614,00). Bei mehreren Nebent\u00e4tigkeiten kann der H\u00f6chstbetrag nur einmal geltend gemacht werden.<\/p>\n<h2>Berufskraftfahrer<\/h2>\n<p>Berufskraftfahrer k\u00f6nnen seit 2020 einen Pauschbetrag von \u20ac 8,00 je Kalendertag geltend machen, in dem sie eine Verpflegungspauschale in Anspruch nehmen. Dies gilt sowohl f\u00fcr selbstst\u00e4ndig T\u00e4tige als auch f\u00fcr angestellte Berufskraftfahrer (Letztere k\u00f6nnen die Pauschs\u00e4tze als Werbungskosten geltend machen).<\/p>\n<h2>Kindertagespflege<\/h2>\n<p>Kindertagespflegepersonen k\u00f6nnen bei w\u00f6chentlichen Betreuungszeiten von mindestens 40 Stunden eine Betriebsausgabenpauschale von \u20ac 400,00 je Kind und Woche (bisher \u20ac 300,00) geltend machen. Bei einer niedrigeren Wochenarbeitszeit ist der Pauschalbetrag anteilig zu k\u00fcrzen. Die Pauschale kann nicht in Anspruch genommen werden, wenn die Betreuungsleistungen im Haushalt der Betreuungsperson oder in unentgeltlich zur Verf\u00fcgung gestellten R\u00e4umlichkeiten stattfinden.<\/p>\n<p class=&quot;hide_creation_date&quot;>Stand: 27. November 2023<\/p>\n<div class=&quot;hide_image_author&quot;>\n<p>Bild: ING Studio 1985 &#8211; stock.adobe.com<\/p>\n<\/div>\n","protected":false},"excerpt":{"rendered":"<p>Finanzverwaltung hebt Betriebsausgabepauschalen f\u00fcr 2023 an<\/p>\n","protected":false},"author":1,"featured_media":11191,"comment_status":"closed","ping_status":"closed","sticky":false,"template":"","format":"standard","meta":{"footnotes":""},"categories":[73],"tags":[],"class_list":["post-10854","post","type-post","status-publish","format-standard","has-post-thumbnail","hentry","category-steuernews"],"aioseo_notices":[],"_links":{"self":[{"href":"https:\/\/kanzlei-fahn.de\/en\/wp-json\/wp\/v2\/posts\/10854","targetHints":{"allow":["GET"]}}],"collection":[{"href":"https:\/\/kanzlei-fahn.de\/en\/wp-json\/wp\/v2\/posts"}],"about":[{"href":"https:\/\/kanzlei-fahn.de\/en\/wp-json\/wp\/v2\/types\/post"}],"author":[{"embeddable":true,"href":"https:\/\/kanzlei-fahn.de\/en\/wp-json\/wp\/v2\/users\/1"}],"replies":[{"embeddable":true,"href":"https:\/\/kanzlei-fahn.de\/en\/wp-json\/wp\/v2\/comments?post=10854"}],"version-history":[{"count":4,"href":"https:\/\/kanzlei-fahn.de\/en\/wp-json\/wp\/v2\/posts\/10854\/revisions"}],"predecessor-version":[{"id":11192,"href":"https:\/\/kanzlei-fahn.de\/en\/wp-json\/wp\/v2\/posts\/10854\/revisions\/11192"}],"wp:featuredmedia":[{"embeddable":true,"href":"https:\/\/kanzlei-fahn.de\/en\/wp-json\/wp\/v2\/media\/11191"}],"wp:attachment":[{"href":"https:\/\/kanzlei-fahn.de\/en\/wp-json\/wp\/v2\/media?parent=10854"}],"wp:term":[{"taxonomy":"category","embeddable":true,"href":"https:\/\/kanzlei-fahn.de\/en\/wp-json\/wp\/v2\/categories?post=10854"},{"taxonomy":"post_tag","embeddable":true,"href":"https:\/\/kanzlei-fahn.de\/en\/wp-json\/wp\/v2\/tags?post=10854"}],"curies":[{"name":"wp","href":"https:\/\/api.w.org\/{rel}","templated":true}]}}