{"id":10855,"date":"2023-12-01T00:00:00","date_gmt":"2023-11-30T23:00:00","guid":{"rendered":"https:\/\/kanzlei-fahn.de\/dezember_2023-werbekalender_2024\/"},"modified":"2024-01-01T10:38:18","modified_gmt":"2024-01-01T09:38:18","slug":"dezember_2023-werbekalender_2024","status":"publish","type":"post","link":"https:\/\/kanzlei-fahn.de\/en\/dezember_2023-werbekalender_2024\/","title":{"rendered":"Werbekalender 2024"},"content":{"rendered":"<p><img decoding=\"async\" src=\"https:\/\/kanzlei-fahn.de\/wp-content\/uploads\/AdobeStock_531000727_Werbekalender_2024_V2_w500_h0_q80_jpg-1.jpg\" \/><\/p>\n<h2>Werbekalender<\/h2>\n<p>Allj\u00e4hrlich zum Jahreswechsel geben Unternehmen Kalender mit Werbeaufdrucken als Weihnachtsgeschenk an ihre Kunden und Gesch\u00e4ftspartner. Es stellt sich in diesem Zusammenhang die Frage, wie die Anschaffungskosten f\u00fcr diese Kalender steuerlich zu behandeln sind.<\/p>\n<h2>Rechtsprechung<\/h2>\n<p>Das Finanzgericht\/FG Baden-W\u00fcrttemberg (Urteil vom 12.04.2016, 6 K 2005\/11) stuft Werbekalender als Geschenke an Gesch\u00e4ftspartner ein. Dies gilt zumindest dann, wenn die Werbekalender an die Gesch\u00e4ftspartner individuell versandt werden. Werden die Kalender nicht an \u201eindividualisierbare Empf\u00e4nger\u201c verteilt, liegt ein Streuwerbeartikel vor.<\/p>\n<h2>Aufwendungen f\u00fcr Geschenke<\/h2>\n<p>Aufwendungen f\u00fcr Geschenke an Gesch\u00e4ftspartner k\u00f6nnen in 2023 bis zu \u20ac 35,00 pro Empf\u00e4nger und Wirtschaftsjahr als Betriebsausgabe abgezogen werden. Ab 2024 steigt die Betragsgrenze voraussichtlich auf \u20ac 50,00. Voraussetzung f\u00fcr den Betriebsausgabenabzug ist u. a., dass die Aufwendungen \u201eeinzeln und getrennt von den sonstigen Betriebsausgaben\u201c aufgezeichnet werden (\u00a7 4 Abs. 5 Satz 1 Nr. 1 in Verbindung mit Abs. 7 Satz 1 Einkommensteuergesetz\/EStG). Dies gilt im \u00dcbrigen auch f\u00fcr Aufwendungen f\u00fcr den Kauf oder zur Herstellung eines Werbekalenders mit Firmenlogo. Eine Buchung auf ein Konto f\u00fcr Werbedrucksachen, auf diesem auch noch andere Vorg\u00e4nge verbucht werden, ist steuersch\u00e4dlich.<\/p>\n<h2>Fazit<\/h2>\n<p>Sollen die Aufwendungen f\u00fcr den neuen Werbekalender 2024 steuerlich absetzbar sein, d\u00fcrfen die Aufwendungen pro Kalender bzw. Gesch\u00e4ftspartner nicht h\u00f6her als \u20ac 35,00 sein. Die Anschaffungs- oder Herstellkosten m\u00fcssen getrennt aufgezeichnet werden.<\/p>\n<p class=&quot;hide_creation_date&quot;>Stand: 27. November 2023<\/p>\n<div class=&quot;hide_image_author&quot;>\n<p>Bild:  nfuru &#8211; stock.adobe.com<\/p>\n<\/div>\n","protected":false},"excerpt":{"rendered":"<p>Aufwendungen f\u00fcr Werbekalender sind wie Geschenke an Gesch\u00e4ftspartner als Betriebsausgabe abziehbar<\/p>\n","protected":false},"author":1,"featured_media":11194,"comment_status":"closed","ping_status":"closed","sticky":false,"template":"","format":"standard","meta":{"footnotes":""},"categories":[73],"tags":[],"class_list":["post-10855","post","type-post","status-publish","format-standard","has-post-thumbnail","hentry","category-steuernews"],"aioseo_notices":[],"_links":{"self":[{"href":"https:\/\/kanzlei-fahn.de\/en\/wp-json\/wp\/v2\/posts\/10855","targetHints":{"allow":["GET"]}}],"collection":[{"href":"https:\/\/kanzlei-fahn.de\/en\/wp-json\/wp\/v2\/posts"}],"about":[{"href":"https:\/\/kanzlei-fahn.de\/en\/wp-json\/wp\/v2\/types\/post"}],"author":[{"embeddable":true,"href":"https:\/\/kanzlei-fahn.de\/en\/wp-json\/wp\/v2\/users\/1"}],"replies":[{"embeddable":true,"href":"https:\/\/kanzlei-fahn.de\/en\/wp-json\/wp\/v2\/comments?post=10855"}],"version-history":[{"count":4,"href":"https:\/\/kanzlei-fahn.de\/en\/wp-json\/wp\/v2\/posts\/10855\/revisions"}],"predecessor-version":[{"id":11195,"href":"https:\/\/kanzlei-fahn.de\/en\/wp-json\/wp\/v2\/posts\/10855\/revisions\/11195"}],"wp:featuredmedia":[{"embeddable":true,"href":"https:\/\/kanzlei-fahn.de\/en\/wp-json\/wp\/v2\/media\/11194"}],"wp:attachment":[{"href":"https:\/\/kanzlei-fahn.de\/en\/wp-json\/wp\/v2\/media?parent=10855"}],"wp:term":[{"taxonomy":"category","embeddable":true,"href":"https:\/\/kanzlei-fahn.de\/en\/wp-json\/wp\/v2\/categories?post=10855"},{"taxonomy":"post_tag","embeddable":true,"href":"https:\/\/kanzlei-fahn.de\/en\/wp-json\/wp\/v2\/tags?post=10855"}],"curies":[{"name":"wp","href":"https:\/\/api.w.org\/{rel}","templated":true}]}}