{"id":10856,"date":"2023-12-01T00:00:00","date_gmt":"2023-11-30T23:00:00","guid":{"rendered":"https:\/\/kanzlei-fahn.de\/dezember_2023-dba_luxemburg\/"},"modified":"2024-01-01T10:38:18","modified_gmt":"2024-01-01T09:38:18","slug":"dezember_2023-dba_luxemburg","status":"publish","type":"post","link":"https:\/\/kanzlei-fahn.de\/en\/dezember_2023-dba_luxemburg\/","title":{"rendered":"DBA Luxemburg"},"content":{"rendered":"<p><img decoding=\"async\" src=\"https:\/\/kanzlei-fahn.de\/wp-content\/uploads\/AdobeStock_140761753_DBA_Luxemburg_V2_w500_h0_q80_jpg-1.jpg\" \/><\/p>\n<h2>Homeofficeregelung<\/h2>\n<p>Die Finanzminister von Deutschland und Luxemburg haben diverse Regelungen im bestehenden Doppelbesteuerungsabkommen\/DBA Deutschland-Luxemburg angepasst. Ziel war insbesondere, einer st\u00e4rkeren Nutzung des Arbeitens im Homeoffice Rechnung zu tragen. Hierzu wurde im \u00c4nderungsprotokoll eine Bagatellregelung f\u00fcr Grenzg\u00e4nger von 34 Tagen pro Kalenderjahr festgelegt. Die Bagatellregelung besagt, dass die Besteuerung des Arbeitslohns dem T\u00e4tigkeitsstaat Luxemburg zugewiesen bleibt, wenn die nichtselbstst\u00e4ndige Arbeit an nicht mehr als 34 Tagen im Kalenderjahr im Ans\u00e4ssigkeitsstaat (Deutschland) oder in Drittstaaten ausge\u00fcbt wird. Eine vergleichbare Regelung wurde auch f\u00fcr Besch\u00e4ftigte des \u00f6ffentlichen Dienstes geschaffen.<\/p>\n<h2>Weitere \u00c4nderungen<\/h2>\n<p>Dar\u00fcber hinaus wurden Anpassungen hinsichtlich der \u00c4nderungen im deutschen Recht vorgenommen. Im Einzelnen wurden \u00c4nderungen im Hinblick auf die Investmentsteuerreform, die in \u00a7 1a K\u00f6rperschaftsteuergesetz\/KStG eingef\u00fchrte Optionsm\u00f6glichkeit f\u00fcr Personengesellschaften, wie eine K\u00f6rperschaft besteuert zu werden, und die Besteuerung von Real Estate Investment Trusts\/REIT vorgenommen.<\/p>\n<h2>Inkrafttreten<\/h2>\n<p>Die Neuregelungen im DBA gelten ab dem Jahr 2024.\u00a0<\/p>\n<p class=&quot;hide_creation_date&quot;>Stand: 27. November 2023<\/p>\n<div class=&quot;hide_image_author&quot;>\n<p>Bild: magele-picture &#8211; stock.adobe.com<\/p>\n<\/div>\n","protected":false},"excerpt":{"rendered":"<p>\u00c4nderungen im DBA Luxemburg sollen flexibleres grenz\u00fcberscheitendes Arbeiten zwischen Deutschland und Luxemburg erm\u00f6glichen<\/p>\n","protected":false},"author":1,"featured_media":11197,"comment_status":"closed","ping_status":"closed","sticky":false,"template":"","format":"standard","meta":{"footnotes":""},"categories":[73],"tags":[],"class_list":["post-10856","post","type-post","status-publish","format-standard","has-post-thumbnail","hentry","category-steuernews"],"aioseo_notices":[],"_links":{"self":[{"href":"https:\/\/kanzlei-fahn.de\/en\/wp-json\/wp\/v2\/posts\/10856","targetHints":{"allow":["GET"]}}],"collection":[{"href":"https:\/\/kanzlei-fahn.de\/en\/wp-json\/wp\/v2\/posts"}],"about":[{"href":"https:\/\/kanzlei-fahn.de\/en\/wp-json\/wp\/v2\/types\/post"}],"author":[{"embeddable":true,"href":"https:\/\/kanzlei-fahn.de\/en\/wp-json\/wp\/v2\/users\/1"}],"replies":[{"embeddable":true,"href":"https:\/\/kanzlei-fahn.de\/en\/wp-json\/wp\/v2\/comments?post=10856"}],"version-history":[{"count":5,"href":"https:\/\/kanzlei-fahn.de\/en\/wp-json\/wp\/v2\/posts\/10856\/revisions"}],"predecessor-version":[{"id":11198,"href":"https:\/\/kanzlei-fahn.de\/en\/wp-json\/wp\/v2\/posts\/10856\/revisions\/11198"}],"wp:featuredmedia":[{"embeddable":true,"href":"https:\/\/kanzlei-fahn.de\/en\/wp-json\/wp\/v2\/media\/11197"}],"wp:attachment":[{"href":"https:\/\/kanzlei-fahn.de\/en\/wp-json\/wp\/v2\/media?parent=10856"}],"wp:term":[{"taxonomy":"category","embeddable":true,"href":"https:\/\/kanzlei-fahn.de\/en\/wp-json\/wp\/v2\/categories?post=10856"},{"taxonomy":"post_tag","embeddable":true,"href":"https:\/\/kanzlei-fahn.de\/en\/wp-json\/wp\/v2\/tags?post=10856"}],"curies":[{"name":"wp","href":"https:\/\/api.w.org\/{rel}","templated":true}]}}