{"id":11166,"date":"2024-01-01T00:00:00","date_gmt":"2023-12-31T23:00:00","guid":{"rendered":"https:\/\/kanzlei-fahn.de\/januar_2024-kosten_fuer_winterdienst_steuerlich_absetzen\/"},"modified":"2024-12-02T09:01:19","modified_gmt":"2024-12-02T08:01:19","slug":"januar_2024-kosten_fuer_winterdienst_steuerlich_absetzen","status":"publish","type":"post","link":"https:\/\/kanzlei-fahn.de\/en\/januar_2024-kosten_fuer_winterdienst_steuerlich_absetzen\/","title":{"rendered":"Kosten f\u00fcr Winterdienst steuerlich absetzen"},"content":{"rendered":"<p><img decoding=\"async\" src=\"https:\/\/kanzlei-fahn.de\/wp-content\/uploads\/AdobeStock_132028782_Kosten_fuer_Winterdienst_steuerlich_absetzen_V2_w500_h0_q80_jpg-2.jpg\" \/><\/p>\n<h2>Steuererm\u00e4\u00dfigung<\/h2>\n<p>F\u00fcr Dienstleistungen in einem Privathaushalt erhalten Steuerpflichtige auf Antrag eine Steuererm\u00e4\u00dfigung f\u00fcr ihre Aufwendungen. Die Steuererm\u00e4\u00dfigung betr\u00e4gt 20 % der Aufwendungen, h\u00f6chstens \u20ac 4.000,00 in einem Kalenderjahr. Der Erm\u00e4\u00dfigungsbetrag wird direkt von der zu zahlenden Einkommensteuer abgezogen (\u00a7 35a Einkommensteuergesetz\/EStG).<\/p>\n<h2>Winterdienst<\/h2>\n<p>Hausbesitzerinnen und Hausbesitzer sind in vielen St\u00e4dten und Gemeinden verpflichtet, den Gehsteig im Winter schnee- und eisfrei zu halten. Die Finanzverwaltung lehnte Steuerbeg\u00fcnstigungen f\u00fcr Schneer\u00e4umkosten betreffend \u00f6ffentliche Gehsteige bislang mit der Begr\u00fcndung ab, dass die Dienstleistungen nicht auf dem Privatgrundst\u00fcck ausgef\u00fchrt werden. Diese Auffassung widerspricht jedoch der h\u00f6chstrichterlichen Rechtsprechung (u. a. Bundesfinanzhof-Urteil vom 20.3.2014 (Az.VI R 55\/12).<\/p>\n<h2>BMF-Schreiben<\/h2>\n<p>Die Finanzverwaltung hat mit BMF-Schreiben vom 1.9.2021 (IV C 8 &#8211; S 2296-b\/21\/10002 :001 BStBl 2021 I S. 1494) einer Geltendmachung von Steuererm\u00e4\u00dfigungen f\u00fcr Aufwendungen einer bzw. eines Steuerpflichtigen entsprochen, die f\u00fcr den Winterdienst auf \u00f6ffentlichen Gehwegen entstehen. Beg\u00fcnstigt sind sowohl die Stra\u00dfenreinigung als auch der Winterdienst auf Gehwegen. Als allgemeine Voraussetzung gilt auch hier, dass die Dienstleistung mit denen einer Hilfe im Haushalt vergleichbar ist (\u00a7 35a Abs. 2 Satz 2 EStG).<\/p>\n<h2>Fahrbahn<\/h2>\n<p>Weiterhin nicht als haushaltsnahe Dienstleistung sieht die Finanzverwaltung Schneer\u00e4umkosten f\u00fcr Fahrbahnen an, die an das Grundst\u00fcck grenzen.<\/p>\n<h2>Zahlung<\/h2>\n<p>Die Steuererm\u00e4\u00dfigungen k\u00f6nnen geltend gemacht werden im jeweiligen Jahr der Zahlung. Voraussetzung f\u00fcr die Geltendmachung der Steuererm\u00e4\u00dfigung ist, dass die Zahlung unbar erfolgt und die unbare Zahlung anhand von \u00dcberweisungsbelegen nachgewiesen wird.<\/p>\n<p class=&quot;hide_creation_date&quot;>Stand: 18. Dezember 2023<\/p>\n<div class=&quot;hide_image_author&quot;>\n<p>Bild:  m.mphoto &#8211; stock.adobe.com<\/p>\n<\/div>\n","protected":false},"excerpt":{"rendered":"<p>Kosten f\u00fcr Winterdienst f\u00fcr \u00f6ffentliche Gehwege absetzbar<\/p>\n","protected":false},"author":1,"featured_media":0,"comment_status":"closed","ping_status":"closed","sticky":false,"template":"","format":"standard","meta":{"footnotes":""},"categories":[73],"tags":[],"class_list":["post-11166","post","type-post","status-publish","format-standard","hentry","category-steuernews"],"aioseo_notices":[],"_links":{"self":[{"href":"https:\/\/kanzlei-fahn.de\/en\/wp-json\/wp\/v2\/posts\/11166","targetHints":{"allow":["GET"]}}],"collection":[{"href":"https:\/\/kanzlei-fahn.de\/en\/wp-json\/wp\/v2\/posts"}],"about":[{"href":"https:\/\/kanzlei-fahn.de\/en\/wp-json\/wp\/v2\/types\/post"}],"author":[{"embeddable":true,"href":"https:\/\/kanzlei-fahn.de\/en\/wp-json\/wp\/v2\/users\/1"}],"replies":[{"embeddable":true,"href":"https:\/\/kanzlei-fahn.de\/en\/wp-json\/wp\/v2\/comments?post=11166"}],"version-history":[{"count":7,"href":"https:\/\/kanzlei-fahn.de\/en\/wp-json\/wp\/v2\/posts\/11166\/revisions"}],"predecessor-version":[{"id":11794,"href":"https:\/\/kanzlei-fahn.de\/en\/wp-json\/wp\/v2\/posts\/11166\/revisions\/11794"}],"wp:attachment":[{"href":"https:\/\/kanzlei-fahn.de\/en\/wp-json\/wp\/v2\/media?parent=11166"}],"wp:term":[{"taxonomy":"category","embeddable":true,"href":"https:\/\/kanzlei-fahn.de\/en\/wp-json\/wp\/v2\/categories?post=11166"},{"taxonomy":"post_tag","embeddable":true,"href":"https:\/\/kanzlei-fahn.de\/en\/wp-json\/wp\/v2\/tags?post=11166"}],"curies":[{"name":"wp","href":"https:\/\/api.w.org\/{rel}","templated":true}]}}