{"id":11169,"date":"2024-01-01T00:00:00","date_gmt":"2023-12-31T23:00:00","guid":{"rendered":"https:\/\/kanzlei-fahn.de\/januar_2024-auslandspauschalen_2024\/"},"modified":"2024-12-02T09:01:19","modified_gmt":"2024-12-02T08:01:19","slug":"januar_2024-auslandspauschalen_2024","status":"publish","type":"post","link":"https:\/\/kanzlei-fahn.de\/en\/januar_2024-auslandspauschalen_2024\/","title":{"rendered":"Auslandspauschalen 2024"},"content":{"rendered":"<p><img decoding=\"async\" src=\"https:\/\/kanzlei-fahn.de\/wp-content\/uploads\/AdobeStock_168839118_Auslandspauschalen_2024_V2_w500_h0_q80_jpg-2.jpg\" \/><\/p>\n<h2>Auslandspauschalen<\/h2>\n<p>Das Bundesfinanzministerium\/BMF hat mit Schreiben vom 21.11.2023 (Az IV C 5 &#8211; S 2353\/19\/10010 :005) die Pauschbetr\u00e4ge f\u00fcr Verpflegungsmehraufwendungen und \u00dcbernachtungskosten f\u00fcr beruflich und betrieblich veranlasste Auslandsdienstreisen ab 1.1.2024 bekannt gegeben. Die Pauschalen gelten auch f\u00fcr doppelte Haushaltsf\u00fchrungen im Ausland.<\/p>\n<h2>Die wesentlichen \u00c4nderungen<\/h2>\n<p>Wesentlich erh\u00f6ht wurden die Verpflegungs- und \u00dcbernachtungspauschalen f\u00fcr Australien. Besonders kr\u00e4ftig erh\u00f6ht wurden die Verpflegungs- und \u00dcbernachtungspauschalen f\u00fcr Canberra. Die 24-Std-Verpflegungspauschale wurde von \u20ac 51,00 auf \u20ac 74,00 und die \u00dcbernachtungspauschale von \u20ac 158,00 auf \u20ac 186,00 erh\u00f6ht. Kr\u00e4ftig angehoben wurde auch die \u00dcbernachtungspauschale f\u00fcr Barbados (von \u20ac 165,00 auf \u20ac 206,00) sowie s\u00e4mtliche Pauschs\u00e4tze f\u00fcr Kanada (Ottawa, Toronto, Vancouver). Innerhalb der EU wurden die Pauschalen erh\u00f6ht f\u00fcr Italien (Rom, Mailand insbesondere \u00dcbernachtungspauschale) und f\u00fcr \u00d6sterreich (insbesondere Erh\u00f6hung der \u00dcbernachtungspauschale von \u20ac 108,00 auf \u20ac 117,00). Das BMF verringerte allerdings auch einige Pauschbetr\u00e4ge, z. B. f\u00fcr Brasilia (Verpflegungspauschale von \u20ac 57,00 auf \u20ac 51,00 und \u00dcbernachtungspauschale von \u20ac 127,00 auf \u20ac 88,00 verringert).<\/p>\n<h2>\u00dcbernachtungspauschalen<\/h2>\n<p>Die in dem BMF-Schreiben angegebenen \u00dcbernachtungspauschalen dienen ausschlie\u00dflich der lohnsteuerfreien Erstattung von Aufwendungen der Arbeitgeberin bzw. des Arbeitgebers. Sie k\u00f6nnen nicht zum Betriebsausgaben- bzw. Werbungskostenabzug verwendet werden. F\u00fcr den Betriebsausgaben- bzw. Werbungskostenabzug m\u00fcssen die tats\u00e4chlichen \u00dcbernachtungskosten nachgewiesen werden.<\/p>\n<p class=&quot;hide_creation_date&quot;>Stand: 18. Dezember 2023<\/p>\n<div class=&quot;hide_image_author&quot;>\n<p>Bild: iacheslav Yakobchuk &#8211; stock.adobe.com<\/p>\n<\/div>\n","protected":false},"excerpt":{"rendered":"<p>Die Finanzverwaltung hat f\u00fcr 2024 neue Auslandspauschalen ver\u00f6ffentlich<\/p>\n","protected":false},"author":1,"featured_media":0,"comment_status":"closed","ping_status":"closed","sticky":false,"template":"","format":"standard","meta":{"footnotes":""},"categories":[73],"tags":[],"class_list":["post-11169","post","type-post","status-publish","format-standard","hentry","category-steuernews"],"aioseo_notices":[],"_links":{"self":[{"href":"https:\/\/kanzlei-fahn.de\/en\/wp-json\/wp\/v2\/posts\/11169","targetHints":{"allow":["GET"]}}],"collection":[{"href":"https:\/\/kanzlei-fahn.de\/en\/wp-json\/wp\/v2\/posts"}],"about":[{"href":"https:\/\/kanzlei-fahn.de\/en\/wp-json\/wp\/v2\/types\/post"}],"author":[{"embeddable":true,"href":"https:\/\/kanzlei-fahn.de\/en\/wp-json\/wp\/v2\/users\/1"}],"replies":[{"embeddable":true,"href":"https:\/\/kanzlei-fahn.de\/en\/wp-json\/wp\/v2\/comments?post=11169"}],"version-history":[{"count":7,"href":"https:\/\/kanzlei-fahn.de\/en\/wp-json\/wp\/v2\/posts\/11169\/revisions"}],"predecessor-version":[{"id":11796,"href":"https:\/\/kanzlei-fahn.de\/en\/wp-json\/wp\/v2\/posts\/11169\/revisions\/11796"}],"wp:attachment":[{"href":"https:\/\/kanzlei-fahn.de\/en\/wp-json\/wp\/v2\/media?parent=11169"}],"wp:term":[{"taxonomy":"category","embeddable":true,"href":"https:\/\/kanzlei-fahn.de\/en\/wp-json\/wp\/v2\/categories?post=11169"},{"taxonomy":"post_tag","embeddable":true,"href":"https:\/\/kanzlei-fahn.de\/en\/wp-json\/wp\/v2\/tags?post=11169"}],"curies":[{"name":"wp","href":"https:\/\/api.w.org\/{rel}","templated":true}]}}