{"id":11178,"date":"2024-01-01T00:00:00","date_gmt":"2023-12-31T23:00:00","guid":{"rendered":"https:\/\/kanzlei-fahn.de\/dezember_2023-personengesellschaftsrecht_2024\/"},"modified":"2024-01-01T10:42:56","modified_gmt":"2024-01-01T09:42:56","slug":"dezember_2023-personengesellschaftsrecht_2024","status":"publish","type":"post","link":"https:\/\/kanzlei-fahn.de\/en\/dezember_2023-personengesellschaftsrecht_2024\/","title":{"rendered":"Personengesellschaftsrecht 2024"},"content":{"rendered":"<p><img decoding=\"async\" src=\"https:\/\/kanzlei-fahn.de\/wp-content\/uploads\/AdobeStock_218365276_Gesetz_w500_h0_q80_jpg.jpg\" \/><\/p>\n<h2>Neues Gesetz<\/h2>\n<p>Zum 1.1.2024 treten die f\u00fcr Gesellschaften b\u00fcrgerlichen Rechts\/GbRs verbindlichen Gesetzes\u00e4nderungen sowie einige Neuerungen f\u00fcr andere Personengesellschaften aus dem \u201eGesetz zur Modernisierung des Personengesellschaftsrechts\u201c (Personengesellschaftsrechtsmodernisierungsgesetz\/MoPeG vom 10.8.2021, BGBl. 2021 I S. 3436) in Kraft. Ziele des Gesetzes sind die Konsolidierung des gesamten GbR-Rechts, die Behebung von Publizit\u00e4tsdefizite bei der GbR durch Eintragung in ein \u00f6ffentliches Gesellschaftsregister sowie die \u00d6ffnung der Personenhandelsgesellschaftsformen f\u00fcr Angeh\u00f6rige der freien Berufe.<\/p>\n<h2>Neuausrichtung der GbR<\/h2>\n<p>Mit dem MoPeG wird insbesondere die GbR einer umfassenden Gesetzesreform unterzogen. Es gibt ab Jahresanfang neben der bisherigen nicht rechtsf\u00e4higen und im Innenverh\u00e4ltnis bestehenden GbR auch eine rechtsf\u00e4hige GbR. Letztere tritt im Au\u00dfenverh\u00e4ltnis als solche auf und kann im Gesellschaftsregister als \u201eeGbR\u201c eingetragen werden. Ein Eintragungszwang besteht allerdings nicht. Das einer rechtsf\u00e4higen GbR gewidmete Verm\u00f6gen oder von der GbR erworbene Verm\u00f6gen ist dieser zuzurechnen. Ein sogenanntes Gesamthandsverm\u00f6gen, welches (bisher) GbR-Gesellschaftern in ihrer Gesamtheit zuzurechnen war, gibt es nicht mehr. Die nicht rechtsf\u00e4hige GbR bleibt wie bisher bestehen. Wegen Aufgabe des sogenannten Gesamthandsverm\u00f6gens kann eine nicht rechtsf\u00e4hige GbR k\u00fcnftig allerdings \u00fcber kein eigenes Verm\u00f6gen verf\u00fcgen. Sofern eine GbR in bisheriger Form beispielsweise Eigent\u00fcmerin eines Grundbesitzes ist und k\u00fcnftig bleiben soll, ist eine Eintragung ins Gesellschaftsregister zwingend.<\/p>\n<h2>Umfirmierungen<\/h2>\n<p>Die eingetragene GbR kann als rechtsf\u00e4hige Personengesellschaft Umstrukturierungen nach dem Umwandlungsgesetz wahrnehmen. So kann die eGbR einen Formwechsel vollziehen oder Rechtstr\u00e4ger einer Verschmelzung\/Spaltung sein.<\/p>\n<h2>Freie Berufe<\/h2>\n<p>Freiberufler k\u00f6nnen sich ab Jahresanfang in der Rechtsform einer Personengesellschaft organisieren. Ein Zusammenschluss beispielsweise in der Rechtsform einer GmbH &amp; Co KG erm\u00f6glicht k\u00fcnftig eine effiziente Regelung der Haftungsverh\u00e4ltnisse auch f\u00fcr Freiberufler. Berufsrechtliche Vorgaben bleiben allerdings vorbehalten. Berufsrechtliche Haftpflichtversicherungspflichten k\u00f6nnen durch haftungsbeschr\u00e4nkte Gesellschaftsformen nicht umgangen werden.<\/p>\n<p class=&quot;hide_creation_date&quot;>Stand: 19. Dezember 2023<\/p>\n<div class=&quot;hide_image_author&quot;>\n<p>Bild: Andrey Popov &#8211; stock.adobe.com<\/p>\n<\/div>\n","protected":false},"excerpt":{"rendered":"<p>Gesetz zur Modernisierung des Personengesellschaftsrechts (MoPeG) tritt zum 1.1.2024 in Kraft<\/p>\n","protected":false},"author":1,"featured_media":11179,"comment_status":"closed","ping_status":"closed","sticky":false,"template":"","format":"standard","meta":{"footnotes":""},"categories":[73],"tags":[],"class_list":["post-11178","post","type-post","status-publish","format-standard","has-post-thumbnail","hentry","category-steuernews"],"aioseo_notices":[],"_links":{"self":[{"href":"https:\/\/kanzlei-fahn.de\/en\/wp-json\/wp\/v2\/posts\/11178","targetHints":{"allow":["GET"]}}],"collection":[{"href":"https:\/\/kanzlei-fahn.de\/en\/wp-json\/wp\/v2\/posts"}],"about":[{"href":"https:\/\/kanzlei-fahn.de\/en\/wp-json\/wp\/v2\/types\/post"}],"author":[{"embeddable":true,"href":"https:\/\/kanzlei-fahn.de\/en\/wp-json\/wp\/v2\/users\/1"}],"replies":[{"embeddable":true,"href":"https:\/\/kanzlei-fahn.de\/en\/wp-json\/wp\/v2\/comments?post=11178"}],"version-history":[{"count":1,"href":"https:\/\/kanzlei-fahn.de\/en\/wp-json\/wp\/v2\/posts\/11178\/revisions"}],"predecessor-version":[{"id":11180,"href":"https:\/\/kanzlei-fahn.de\/en\/wp-json\/wp\/v2\/posts\/11178\/revisions\/11180"}],"wp:featuredmedia":[{"embeddable":true,"href":"https:\/\/kanzlei-fahn.de\/en\/wp-json\/wp\/v2\/media\/11179"}],"wp:attachment":[{"href":"https:\/\/kanzlei-fahn.de\/en\/wp-json\/wp\/v2\/media?parent=11178"}],"wp:term":[{"taxonomy":"category","embeddable":true,"href":"https:\/\/kanzlei-fahn.de\/en\/wp-json\/wp\/v2\/categories?post=11178"},{"taxonomy":"post_tag","embeddable":true,"href":"https:\/\/kanzlei-fahn.de\/en\/wp-json\/wp\/v2\/tags?post=11178"}],"curies":[{"name":"wp","href":"https:\/\/api.w.org\/{rel}","templated":true}]}}