{"id":11214,"date":"2024-02-01T00:00:00","date_gmt":"2024-01-31T23:00:00","guid":{"rendered":"https:\/\/kanzlei-fahn.de\/februar_2024-renten_2024\/"},"modified":"2024-12-02T09:01:17","modified_gmt":"2024-12-02T08:01:17","slug":"februar_2024-renten_2024","status":"publish","type":"post","link":"https:\/\/kanzlei-fahn.de\/en\/februar_2024-renten_2024\/","title":{"rendered":"Renten 2024"},"content":{"rendered":"<p><img decoding=\"async\" src=\"https:\/\/kanzlei-fahn.de\/wp-content\/uploads\/AdobeStock_639947170_Renten_2024_V2_w500_h0_q80_jpg.jpg\" \/><\/p>\n<h2>Regul\u00e4re Altersgrenze<\/h2>\n<p>Zum Jahreswechsel ist die regul\u00e4re Altersgrenze auf 66 Jahre angestiegen. Die neue Altersgrenze gilt f\u00fcr Versicherte, die 1958 geboren wurden. F\u00fcr diejenigen, die sp\u00e4ter geboren wurden, erh\u00f6ht sich das Eintrittsalter in 2-Monats-Schritten weiter. 2031 wird die regul\u00e4re Altersgrenze von 67 Jahren erreicht.<\/p>\n<h2>Rente ab 63<\/h2>\n<p>Bei der f\u00fcr besonders langj\u00e4hrig Versicherte (mindestens 35 Jahre) m\u00f6glichen Rente ab 63 steigt die Altersgrenze f\u00fcr 1960 Geborene auf 64 Jahre und 4 Monate. F\u00fcr sp\u00e4ter Geborene erh\u00f6ht sich das Eintrittsalter weiter. 2029 wird die dann g\u00fcltige Altersgrenze von 65 Jahren erreicht. Die Rente ab 63 ist allerdings mit einem Abschlag verbunden. Dieser steigt mit der schrittweisen Anhebung des Rentenalters auf 67 Jahre kontinuierlich an.<\/p>\n<h2>Hinzuverdienstgrenzen<\/h2>\n<p>Die Hinzuverdienstgrenzen f\u00fcr Renten wegen verminderter Erwerbsf\u00e4higkeit steigen 2024. Beim Bezug einer Rente wegen teilweiser Erwerbsminderung ergibt sich ab Januar eine j\u00e4hrliche Mindesthinzuverdienstgrenze von \u20ac 37.117,50, bei Renten wegen voller Erwerbsminderung sind es \u20ac 18.558,75.<\/p>\n<h2>Freiwillige Versicherung<\/h2>\n<p>Die Mindest- und H\u00f6chstbeitr\u00e4ge f\u00fcr freiwillig Versicherte sind zum Jahreswechsel gestiegen. Der monatliche Mindestbeitrag erh\u00f6hte sich von \u20ac 96,72 auf \u20ac 100,07, der H\u00f6chstbetrag erh\u00f6hte sich zum Jahreswechsel von \u20ac 1.357,80 auf \u20ac 1.404,30 im Monat.<\/p>\n<h2>H\u00f6herer Steueranteil<\/h2>\n<p>Der Steueranteil der in 2024 in den Ruhestand gehenden Steuerpflichtigen erh\u00f6ht sich von 83 auf 84 %. Steuerfrei bleiben nur noch 16 % der ersten vollen Bruttojahresrente. Bestandsrenten sind hiervon nicht betroffen.<\/p>\n<p class=&quot;hide_creation_date&quot;>Stand: 28. Januar 2024<\/p>\n<div class=&quot;hide_image_author&quot;>\n<p>Bild: guy2men &#8211; stock.adobe.com<\/p>\n<\/div>\n","protected":false},"excerpt":{"rendered":"<p>Was Rentner in 2024 beachten sollten<\/p>\n","protected":false},"author":1,"featured_media":0,"comment_status":"closed","ping_status":"closed","sticky":false,"template":"","format":"standard","meta":{"footnotes":""},"categories":[73],"tags":[],"class_list":["post-11214","post","type-post","status-publish","format-standard","hentry","category-steuernews"],"aioseo_notices":[],"_links":{"self":[{"href":"https:\/\/kanzlei-fahn.de\/en\/wp-json\/wp\/v2\/posts\/11214","targetHints":{"allow":["GET"]}}],"collection":[{"href":"https:\/\/kanzlei-fahn.de\/en\/wp-json\/wp\/v2\/posts"}],"about":[{"href":"https:\/\/kanzlei-fahn.de\/en\/wp-json\/wp\/v2\/types\/post"}],"author":[{"embeddable":true,"href":"https:\/\/kanzlei-fahn.de\/en\/wp-json\/wp\/v2\/users\/1"}],"replies":[{"embeddable":true,"href":"https:\/\/kanzlei-fahn.de\/en\/wp-json\/wp\/v2\/comments?post=11214"}],"version-history":[{"count":3,"href":"https:\/\/kanzlei-fahn.de\/en\/wp-json\/wp\/v2\/posts\/11214\/revisions"}],"predecessor-version":[{"id":11774,"href":"https:\/\/kanzlei-fahn.de\/en\/wp-json\/wp\/v2\/posts\/11214\/revisions\/11774"}],"wp:attachment":[{"href":"https:\/\/kanzlei-fahn.de\/en\/wp-json\/wp\/v2\/media?parent=11214"}],"wp:term":[{"taxonomy":"category","embeddable":true,"href":"https:\/\/kanzlei-fahn.de\/en\/wp-json\/wp\/v2\/categories?post=11214"},{"taxonomy":"post_tag","embeddable":true,"href":"https:\/\/kanzlei-fahn.de\/en\/wp-json\/wp\/v2\/tags?post=11214"}],"curies":[{"name":"wp","href":"https:\/\/api.w.org\/{rel}","templated":true}]}}