{"id":11223,"date":"2024-02-01T00:00:00","date_gmt":"2024-01-31T23:00:00","guid":{"rendered":"https:\/\/kanzlei-fahn.de\/februar_2024-immobilienerwerb_kanada\/"},"modified":"2024-12-02T09:01:18","modified_gmt":"2024-12-02T08:01:18","slug":"februar_2024-immobilienerwerb_kanada","status":"publish","type":"post","link":"https:\/\/kanzlei-fahn.de\/en\/februar_2024-immobilienerwerb_kanada\/","title":{"rendered":"Immobilienerwerb Kanada"},"content":{"rendered":"<p><img decoding=\"async\" src=\"https:\/\/kanzlei-fahn.de\/wp-content\/uploads\/AdobeStock_280614892_Immobilienerwerb_Kanada_V2_w500_h0_q80_jpg.jpg\" \/><\/p>\n<h2>Erwerb von Auslandsverm\u00f6gen<\/h2>\n<p>Der Erwerb von Auslandsverm\u00f6gen unterliegt bei unbeschr\u00e4nkter Erbschaft- oder Schenkungsteuerpflicht im Inland der Steuerpflicht. F\u00fcr zu Wohnzwecken vermietete Grundst\u00fccke, die im Inland, einem Mitgliedstaat der Europ\u00e4ischen Union oder in einem Staat des Europ\u00e4ischen Wirtschaftsraums belegen sind, gew\u00e4hrt der Steuergesetzgeber eine Steuerbefreiung i. H. von 10 % auf den Steuerwert (\u00a7 13d Abs. 1 Erbschaftsteuergesetz\/ErbStG). Dies gilt jedoch nicht f\u00fcr Immobilien aus Drittstaaten.<\/p>\n<h2>EuGH-Urteil<\/h2>\n<p>Der Europ\u00e4ische Gerichtshof\/EuGH hat jetzt im Urteil vom 12.10.2023 (C-670\/21) die deutsche Verg\u00fcnstigungsregelung f\u00fcr mit dem Vertrag \u00fcber die Arbeitsweise der Europ\u00e4ischen Union (AEUV, Art, 63, 65) unvereinbar erkl\u00e4rt. Damit verst\u00f6\u00dft diese Befreiungsregelung gegen EU-Recht. Bezogen auf den Entscheidungsfall betonte der EuGH, dass die deutschen Beh\u00f6rden von den kanadischen Beh\u00f6rden die erforderlichen Informationen erhalten k\u00f6nnen, um die Gew\u00e4hrung der Steuerverg\u00fcnstigung ausreichend pr\u00fcfen zu k\u00f6nnen.<\/p>\n<p class=&quot;hide_creation_date&quot;>Stand: 28. Januar 2024<\/p>\n<div class=&quot;hide_image_author&quot;>\n<p>Bild: Margarita Serenko &#8211; stock.adobe.com<\/p>\n<\/div>\n","protected":false},"excerpt":{"rendered":"<p>EuGH kippt Steuerprivileg f\u00fcr inl\u00e4ndische vermietete Immobilien<\/p>\n","protected":false},"author":1,"featured_media":0,"comment_status":"closed","ping_status":"closed","sticky":false,"template":"","format":"standard","meta":{"footnotes":""},"categories":[73],"tags":[],"class_list":["post-11223","post","type-post","status-publish","format-standard","hentry","category-steuernews"],"aioseo_notices":[],"_links":{"self":[{"href":"https:\/\/kanzlei-fahn.de\/en\/wp-json\/wp\/v2\/posts\/11223","targetHints":{"allow":["GET"]}}],"collection":[{"href":"https:\/\/kanzlei-fahn.de\/en\/wp-json\/wp\/v2\/posts"}],"about":[{"href":"https:\/\/kanzlei-fahn.de\/en\/wp-json\/wp\/v2\/types\/post"}],"author":[{"embeddable":true,"href":"https:\/\/kanzlei-fahn.de\/en\/wp-json\/wp\/v2\/users\/1"}],"replies":[{"embeddable":true,"href":"https:\/\/kanzlei-fahn.de\/en\/wp-json\/wp\/v2\/comments?post=11223"}],"version-history":[{"count":3,"href":"https:\/\/kanzlei-fahn.de\/en\/wp-json\/wp\/v2\/posts\/11223\/revisions"}],"predecessor-version":[{"id":11780,"href":"https:\/\/kanzlei-fahn.de\/en\/wp-json\/wp\/v2\/posts\/11223\/revisions\/11780"}],"wp:attachment":[{"href":"https:\/\/kanzlei-fahn.de\/en\/wp-json\/wp\/v2\/media?parent=11223"}],"wp:term":[{"taxonomy":"category","embeddable":true,"href":"https:\/\/kanzlei-fahn.de\/en\/wp-json\/wp\/v2\/categories?post=11223"},{"taxonomy":"post_tag","embeddable":true,"href":"https:\/\/kanzlei-fahn.de\/en\/wp-json\/wp\/v2\/tags?post=11223"}],"curies":[{"name":"wp","href":"https:\/\/api.w.org\/{rel}","templated":true}]}}