{"id":11229,"date":"2024-02-01T00:00:00","date_gmt":"2024-01-31T23:00:00","guid":{"rendered":"https:\/\/kanzlei-fahn.de\/februar_2024-abschaltung_von_sv_net_\/"},"modified":"2024-12-02T09:01:18","modified_gmt":"2024-12-02T08:01:18","slug":"februar_2024-abschaltung_von_sv_net_","status":"publish","type":"post","link":"https:\/\/kanzlei-fahn.de\/en\/februar_2024-abschaltung_von_sv_net_\/","title":{"rendered":"Abschaltung von \u201esv.net\u201c"},"content":{"rendered":"<p><img decoding=\"async\" src=\"https:\/\/kanzlei-fahn.de\/wp-content\/uploads\/AdobeStock_413359238_Abschaltung_von_svnet_V2_w500_h0_q80_jpg.jpg\" \/><\/p>\n<h2>Neues SV-Meldeportal<\/h2>\n<p>Die Sozialversicherungstr\u00e4ger haben zum 4.10.2023 das neue SV-Meldeportal er\u00f6ffnet (<a href=&quot;https:\/\/app.sv-meldeportal.de\/de\/login&quot; target=&quot;_blank&quot; rel=&quot;noopener&quot;>https:\/\/app.sv-meldeportal.de\/de\/login<\/a>). Es bietet Arbeitgeberinnen und Arbeitgebern die M\u00f6glichkeit zum elektronischen Austausch von Meldungen, Beitragsnachweisen, Bescheinigungen und Antr\u00e4gen.<\/p>\n<h2>Ende der \u00dcbergangzeit<\/h2>\n<p>In einer \u00dcbergangszeit bis zum 29.2.2024 konnte das Vorl\u00e4uferprodukt sv.net uneingeschr\u00e4nkt auch weiterhin genutzt werden. Ab dem 1.3.2024 k\u00f6nnen Meldungen ausschlie\u00dflich \u00fcber das neue SV-Meldeportal abgegeben werden.<\/p>\n<p class=&quot;hide_creation_date&quot;>Stand: 28. Januar 2024<\/p>\n<div class=&quot;hide_image_author&quot;>\n<p>Bild: HappyBall3692 &#8211; stock.adobe.com<\/p>\n<\/div>\n","protected":false},"excerpt":{"rendered":"<p>\u00dcbergangsregelung endet zum 29.2.2024<\/p>\n","protected":false},"author":1,"featured_media":0,"comment_status":"closed","ping_status":"closed","sticky":false,"template":"","format":"standard","meta":{"footnotes":""},"categories":[73],"tags":[],"class_list":["post-11229","post","type-post","status-publish","format-standard","hentry","category-steuernews"],"aioseo_notices":[],"_links":{"self":[{"href":"https:\/\/kanzlei-fahn.de\/en\/wp-json\/wp\/v2\/posts\/11229","targetHints":{"allow":["GET"]}}],"collection":[{"href":"https:\/\/kanzlei-fahn.de\/en\/wp-json\/wp\/v2\/posts"}],"about":[{"href":"https:\/\/kanzlei-fahn.de\/en\/wp-json\/wp\/v2\/types\/post"}],"author":[{"embeddable":true,"href":"https:\/\/kanzlei-fahn.de\/en\/wp-json\/wp\/v2\/users\/1"}],"replies":[{"embeddable":true,"href":"https:\/\/kanzlei-fahn.de\/en\/wp-json\/wp\/v2\/comments?post=11229"}],"version-history":[{"count":3,"href":"https:\/\/kanzlei-fahn.de\/en\/wp-json\/wp\/v2\/posts\/11229\/revisions"}],"predecessor-version":[{"id":11784,"href":"https:\/\/kanzlei-fahn.de\/en\/wp-json\/wp\/v2\/posts\/11229\/revisions\/11784"}],"wp:attachment":[{"href":"https:\/\/kanzlei-fahn.de\/en\/wp-json\/wp\/v2\/media?parent=11229"}],"wp:term":[{"taxonomy":"category","embeddable":true,"href":"https:\/\/kanzlei-fahn.de\/en\/wp-json\/wp\/v2\/categories?post=11229"},{"taxonomy":"post_tag","embeddable":true,"href":"https:\/\/kanzlei-fahn.de\/en\/wp-json\/wp\/v2\/tags?post=11229"}],"curies":[{"name":"wp","href":"https:\/\/api.w.org\/{rel}","templated":true}]}}