{"id":11266,"date":"2024-03-01T00:00:00","date_gmt":"2024-02-29T23:00:00","guid":{"rendered":"https:\/\/kanzlei-fahn.de\/maerz_2024-offenlegung_der_jahresabschluesse_2022\/"},"modified":"2024-12-02T09:01:14","modified_gmt":"2024-12-02T08:01:14","slug":"maerz_2024-offenlegung_der_jahresabschluesse_2022","status":"publish","type":"post","link":"https:\/\/kanzlei-fahn.de\/en\/maerz_2024-offenlegung_der_jahresabschluesse_2022\/","title":{"rendered":"Offenlegung der Jahresabschl\u00fcsse 2022"},"content":{"rendered":"<p><img decoding=\"async\" src=\"https:\/\/kanzlei-fahn.de\/wp-content\/uploads\/AdobeStock_502970152_Offenlegung_der_Jahresabschluesse_2022_V2_w500_h0_q80_jpg.jpg\" \/><\/p>\n<h2>Offenlegungspflichten<\/h2>\n<p>Kapitalgesellschaften wie Aktiengesellschaften, GmbHs, Unternehmensgesellschaften (haftungsbeschr\u00e4nkt) oder auch Personengesellschaften ohne nat\u00fcrliche Personen als haftende Gesellschafter m\u00fcssen ihre Bilanzen ver\u00f6ffentlichen. Die Bilanzen sind dem das Unternehmensregister f\u00fchrenden Bundesanzeiger-Verlag elektronisch zu \u00fcbermitteln (www.unternehmensregister.de). Die Einreichungsfrist betr\u00e4gt im Normalfall ein Jahr, d. h. Jahresabschl\u00fcsse zum Stichtag 31.12.022 w\u00e4ren sp\u00e4testens zum 31.12.2023 beim Betreiber des Bundesanzeigers einzureichen gewesen.\u00a0<\/p>\n<h2>Gnadenfrist bis 2.4.2024<\/h2>\n<p>Nach einer Pressever\u00f6ffentlichung des Bundesamts f\u00fcr Justiz (www.bundesjustizamt.de) wird das Justizamt in Abstimmung mit dem Bundesministerium der Justiz gegen Unternehmen, deren gesetzliche Frist zur Offenlegung von Rechnungslegungsunterlagen f\u00fcr das Gesch\u00e4ftsjahr mit dem Bilanzstichtag 31.12.2022 am 31.12.2023 endet, vor dem 2.4.2024 kein Ordnungsgeldverfahren nach \u00a7 335 HGB einleiten.<\/p>\n<p class=&quot;hide_creation_date&quot;>Stand: 26. Februar 2024<\/p>\n<div class=&quot;hide_image_author&quot;>\n<p>Bild: skywalk154 &#8211; stock.adobe.com<\/p>\n<\/div>\n","protected":false},"excerpt":{"rendered":"<p>Offenlegungsfristverl\u00e4ngerung bis 2.4.2024<\/p>\n","protected":false},"author":1,"featured_media":0,"comment_status":"closed","ping_status":"closed","sticky":false,"template":"","format":"standard","meta":{"footnotes":""},"categories":[73],"tags":[],"class_list":["post-11266","post","type-post","status-publish","format-standard","hentry","category-steuernews"],"aioseo_notices":[],"_links":{"self":[{"href":"https:\/\/kanzlei-fahn.de\/en\/wp-json\/wp\/v2\/posts\/11266","targetHints":{"allow":["GET"]}}],"collection":[{"href":"https:\/\/kanzlei-fahn.de\/en\/wp-json\/wp\/v2\/posts"}],"about":[{"href":"https:\/\/kanzlei-fahn.de\/en\/wp-json\/wp\/v2\/types\/post"}],"author":[{"embeddable":true,"href":"https:\/\/kanzlei-fahn.de\/en\/wp-json\/wp\/v2\/users\/1"}],"replies":[{"embeddable":true,"href":"https:\/\/kanzlei-fahn.de\/en\/wp-json\/wp\/v2\/comments?post=11266"}],"version-history":[{"count":3,"href":"https:\/\/kanzlei-fahn.de\/en\/wp-json\/wp\/v2\/posts\/11266\/revisions"}],"predecessor-version":[{"id":11756,"href":"https:\/\/kanzlei-fahn.de\/en\/wp-json\/wp\/v2\/posts\/11266\/revisions\/11756"}],"wp:attachment":[{"href":"https:\/\/kanzlei-fahn.de\/en\/wp-json\/wp\/v2\/media?parent=11266"}],"wp:term":[{"taxonomy":"category","embeddable":true,"href":"https:\/\/kanzlei-fahn.de\/en\/wp-json\/wp\/v2\/categories?post=11266"},{"taxonomy":"post_tag","embeddable":true,"href":"https:\/\/kanzlei-fahn.de\/en\/wp-json\/wp\/v2\/tags?post=11266"}],"curies":[{"name":"wp","href":"https:\/\/api.w.org\/{rel}","templated":true}]}}