{"id":11278,"date":"2024-03-01T00:00:00","date_gmt":"2024-02-29T23:00:00","guid":{"rendered":"https:\/\/kanzlei-fahn.de\/maerz_2024-arbeitslohnbesteuerung\/"},"modified":"2024-12-02T09:01:15","modified_gmt":"2024-12-02T08:01:15","slug":"maerz_2024-arbeitslohnbesteuerung","status":"publish","type":"post","link":"https:\/\/kanzlei-fahn.de\/en\/maerz_2024-arbeitslohnbesteuerung\/","title":{"rendered":"Arbeitslohnbesteuerung"},"content":{"rendered":"<p><img decoding=\"async\" src=\"https:\/\/kanzlei-fahn.de\/wp-content\/uploads\/AdobeStock_460462088_Arbeitslohnbesteuerung_V2_w500_h0_q80_jpg-1.jpg\" \/><\/p>\n<h2>Doppelbesteuerungsabkommen<\/h2>\n<p>\u00dcbt eine Arbeitnehmerin bzw. ein Arbeitnehmer eine nichtselbstst\u00e4ndige T\u00e4tigkeit in einem anderen Staat als im Ans\u00e4ssigkeitsstaat (Wohnsitzstaat) aus, regeln Doppelbesteuerungsabkommen\/DBA die jeweiligen Besteuerungsrechte f\u00fcr den Arbeitslohn zwischen dem T\u00e4tigkeitsstaat und dem Ans\u00e4ssigkeitsstaat.<\/p>\n<h2>Neues BMF-Schreiben<\/h2>\n<p>Das BMF hat zur steuerlichen Behandlung des Arbeitslohns nach den Doppelbesteuerungsabkommen in einem neuen Schreiben (vom 12.12.2023 V B 2 &#8211; S 1300\/21\/10024 :005) ausf\u00fchrlich Stellung genommen. Das Schreiben beinhaltet unter anderem Themen zur Ans\u00e4ssigkeitsbestimmung, zum Progressionsvorbehalt, zu den Nachweispflichten im Fall einer Steuerpflicht im Inland oder zur Entwicklungszusammenarbeit.<\/p>\n<h2>183-Tage-Frist<\/h2>\n<p>Ausf\u00fchrlich geht das BMF auf die Berechnung der 183-Tage-Frist ein (Rz. 101 ff.), nennt jene Tage, die als volle Tage mitgez\u00e4hlt werden m\u00fcssen und unterscheidet \u2013 unabh\u00e4ngig vom jeweiligen DBA \u2013 zwischen den ma\u00dfgeblichen Aufenthaltstagen und Aus\u00fcbungstagen.<\/p>\n<p class=&quot;hide_creation_date&quot;>Stand: 26. Februar 2024<\/p>\n<div class=&quot;hide_image_author&quot;>\n<p>Bild: 1st footage &#8211; stock.adobe.com<\/p>\n<\/div>\n","protected":false},"excerpt":{"rendered":"<p>Finanzverwaltung ver\u00f6ffentlicht neues BMF-Schreiben<\/p>\n","protected":false},"author":1,"featured_media":0,"comment_status":"closed","ping_status":"closed","sticky":false,"template":"","format":"standard","meta":{"footnotes":""},"categories":[73],"tags":[],"class_list":["post-11278","post","type-post","status-publish","format-standard","hentry","category-steuernews"],"aioseo_notices":[],"_links":{"self":[{"href":"https:\/\/kanzlei-fahn.de\/en\/wp-json\/wp\/v2\/posts\/11278","targetHints":{"allow":["GET"]}}],"collection":[{"href":"https:\/\/kanzlei-fahn.de\/en\/wp-json\/wp\/v2\/posts"}],"about":[{"href":"https:\/\/kanzlei-fahn.de\/en\/wp-json\/wp\/v2\/types\/post"}],"author":[{"embeddable":true,"href":"https:\/\/kanzlei-fahn.de\/en\/wp-json\/wp\/v2\/users\/1"}],"replies":[{"embeddable":true,"href":"https:\/\/kanzlei-fahn.de\/en\/wp-json\/wp\/v2\/comments?post=11278"}],"version-history":[{"count":5,"href":"https:\/\/kanzlei-fahn.de\/en\/wp-json\/wp\/v2\/posts\/11278\/revisions"}],"predecessor-version":[{"id":11764,"href":"https:\/\/kanzlei-fahn.de\/en\/wp-json\/wp\/v2\/posts\/11278\/revisions\/11764"}],"wp:attachment":[{"href":"https:\/\/kanzlei-fahn.de\/en\/wp-json\/wp\/v2\/media?parent=11278"}],"wp:term":[{"taxonomy":"category","embeddable":true,"href":"https:\/\/kanzlei-fahn.de\/en\/wp-json\/wp\/v2\/categories?post=11278"},{"taxonomy":"post_tag","embeddable":true,"href":"https:\/\/kanzlei-fahn.de\/en\/wp-json\/wp\/v2\/tags?post=11278"}],"curies":[{"name":"wp","href":"https:\/\/api.w.org\/{rel}","templated":true}]}}