{"id":11281,"date":"2024-03-01T00:00:00","date_gmt":"2024-02-29T23:00:00","guid":{"rendered":"https:\/\/kanzlei-fahn.de\/maerz_2024-umzugspauschalen_2024\/"},"modified":"2024-12-02T09:01:15","modified_gmt":"2024-12-02T08:01:15","slug":"maerz_2024-umzugspauschalen_2024","status":"publish","type":"post","link":"https:\/\/kanzlei-fahn.de\/en\/maerz_2024-umzugspauschalen_2024\/","title":{"rendered":"Umzugspauschalen 2024"},"content":{"rendered":"<p><img decoding=\"async\" src=\"https:\/\/kanzlei-fahn.de\/wp-content\/uploads\/AdobeStock_576958354_Umzugspauschalen_2024_V2_w500_h0_q80_jpg-1.jpg\" \/><\/p>\n<h2>Umzugskosten<\/h2>\n<p>Das Bundesfinanzministerium\/BMF hat mit Schreiben vom 28.12.2023 \u2013 (IV C 5 &#8211; S 2353\/20\/10004 :003) f\u00fcr beruflich bedingte Umz\u00fcge die Pauschs\u00e4tze erh\u00f6ht. Sonstige Umzugsauslagen k\u00f6nnen ab dem 1.3.2024 bis zu \u20ac 964,00 (bisher \u20ac 886,00) geltend gemacht werden. Der Pauschbetrag erh\u00f6ht sich f\u00fcr jede andere Person, die auch nach dem Umzug in h\u00e4uslicher Gemeinschaft mit der bzw. dem Umziehenden lebt, um \u20ac 643,00 (bisher \u20ac 590,00). Die S\u00e4tze gelten gem\u00e4\u00df \u00a7 10 Abs. 1 Satz 2 Nr. 2 des Bundesumzugskostengesetzes\/BUKG.<\/p>\n<h2>Umzug aus Wohnungsgemeinschaft oder Elternhaus<\/h2>\n<p>F\u00fcr Umziehende, die am Tag vor dem Einladen des Umzugsgutes keine Wohnung hatten oder nach dem Umzug keine eigene Wohnung eingerichtet haben, betr\u00e4gt die Pauschverg\u00fctung nach \u00a7 10 Absatz 2 BUKG ab 1.3.2024 \u20ac 193,00 (bisher \u20ac 177,00).<\/p>\n<h2>Unterrichtskosten<\/h2>\n<p>Zus\u00e4tzliche Unterrichtskosten bedingt durch einen beruflich veranlassten Umzug k\u00f6nnen ebenfalls steuerlich geltend gemacht werden. Ab 1.3.2024 gilt hierf\u00fcr ein H\u00f6chstsatz von \u20ac 1.286,00 (bisher \u20ac 1.181,00). Die S\u00e4tze ergeben sich nach \u00a7 9 Abs. 2 BUKG.<\/p>\n<h2>H\u00f6here Umzugskosten<\/h2>\n<p>Gegen Nachweis k\u00f6nnen im Einzelfall auch h\u00f6here Umzugskosten geltend gemacht werden. Die Finanzverwaltung pr\u00fcft in diesem Fall allerdings, ob es sich ggf. teilweise um nicht abziehbare Kosten der Lebensf\u00fchrung handelt.<\/p>\n<p class=&quot;hide_creation_date&quot;>Stand: 26. Februar 2024<\/p>\n<div class=&quot;hide_image_author&quot;>\n<p>Bild: Johanna M\u00fchlbauer &#8211; stock.adobe.com<\/p>\n<\/div>\n","protected":false},"excerpt":{"rendered":"<p>Neue Pauschs\u00e4tze ab 1.3.2024<\/p>\n","protected":false},"author":1,"featured_media":0,"comment_status":"closed","ping_status":"closed","sticky":false,"template":"","format":"standard","meta":{"footnotes":""},"categories":[73],"tags":[],"class_list":["post-11281","post","type-post","status-publish","format-standard","hentry","category-steuernews"],"aioseo_notices":[],"_links":{"self":[{"href":"https:\/\/kanzlei-fahn.de\/en\/wp-json\/wp\/v2\/posts\/11281","targetHints":{"allow":["GET"]}}],"collection":[{"href":"https:\/\/kanzlei-fahn.de\/en\/wp-json\/wp\/v2\/posts"}],"about":[{"href":"https:\/\/kanzlei-fahn.de\/en\/wp-json\/wp\/v2\/types\/post"}],"author":[{"embeddable":true,"href":"https:\/\/kanzlei-fahn.de\/en\/wp-json\/wp\/v2\/users\/1"}],"replies":[{"embeddable":true,"href":"https:\/\/kanzlei-fahn.de\/en\/wp-json\/wp\/v2\/comments?post=11281"}],"version-history":[{"count":5,"href":"https:\/\/kanzlei-fahn.de\/en\/wp-json\/wp\/v2\/posts\/11281\/revisions"}],"predecessor-version":[{"id":11766,"href":"https:\/\/kanzlei-fahn.de\/en\/wp-json\/wp\/v2\/posts\/11281\/revisions\/11766"}],"wp:attachment":[{"href":"https:\/\/kanzlei-fahn.de\/en\/wp-json\/wp\/v2\/media?parent=11281"}],"wp:term":[{"taxonomy":"category","embeddable":true,"href":"https:\/\/kanzlei-fahn.de\/en\/wp-json\/wp\/v2\/categories?post=11281"},{"taxonomy":"post_tag","embeddable":true,"href":"https:\/\/kanzlei-fahn.de\/en\/wp-json\/wp\/v2\/tags?post=11281"}],"curies":[{"name":"wp","href":"https:\/\/api.w.org\/{rel}","templated":true}]}}