{"id":11288,"date":"2024-04-01T00:00:00","date_gmt":"2024-03-31T22:00:00","guid":{"rendered":"https:\/\/kanzlei-fahn.de\/april_2024-bedeutende_bfh-entscheidungen_2024\/"},"modified":"2024-12-02T09:01:13","modified_gmt":"2024-12-02T08:01:13","slug":"april_2024-bedeutende_bfh-entscheidungen_2024","status":"publish","type":"post","link":"https:\/\/kanzlei-fahn.de\/en\/april_2024-bedeutende_bfh-entscheidungen_2024\/","title":{"rendered":"Bedeutende BFH-Entscheidungen 2024"},"content":{"rendered":"<p><img decoding=\"async\" src=\"https:\/\/kanzlei-fahn.de\/wp-content\/uploads\/AdobeStock_625211157_Bedeutende_BFH-Entscheidungen_2024_V2_w500_h0_q80_jpg.jpg\" \/><\/p>\n<h2>BFH-Jahresbericht<\/h2>\n<p>Der Bundesfinanzhof\/BFH listet allj\u00e4hrlich in seinem Jahresbericht anh\u00e4ngige Verfahren von besonderer Relevanz auf, f\u00fcr die im jeweils kommenden Jahr eine Entscheidung zu erwarten ist.<\/p>\n<h2>Private Kfz-Nutzung<\/h2>\n<p>Unter den im Jahresbericht 2023 gelisteten Verfahren finden sich zwei Verfahren betreffend die Besteuerung der privaten Kfz-Nutzung. In dem Verfahren mit dem Aktenzeichen III R 34\/22 geht es um die Frage, unter welchen Voraussetzungen der Anscheinsbeweis der privaten Mitbenutzung ersch\u00fcttert werden kann, wenn kein Fahrtenbuch gef\u00fchrt wurde. Anscheinsbeweis hei\u00dft, dass die Finanzbeh\u00f6rde von Amts wegen die private Mitbenutzung eines betrieblichen Kraftfahrzeugs als typischen Lebenssachverhalt unterstellen kann und die bzw. der Steuerpflichtige die ausschlie\u00dfliche betriebliche Nutzung nachweisen muss. Interessant zum Thema Besteuerung der privaten Kfz-Nutzung scheint auch das anh\u00e4ngige Verfahren VIII R 12\/21. Hier geht es ebenfalls um die Widerlegung des Anscheinsbeweises der privaten Mitbenutzung eines im Betriebsverm\u00f6gen befindlichen Luxusfahrzeugs (Lamborghini Aventador) ohne Fahrtenbuch.<\/p>\n<h2>Bilanzierung<\/h2>\n<p>Unter den bilanzsteuerrechtlichen Sachverhalten f\u00e4llt das anh\u00e4ngige Verfahren XI R 19\/21 besonders ins Auge. F\u00fcr die Bilanzierungspraxis wird mit Spannung die Entscheidung zu der offenen Frage erwartet, in welchem Jahr eine R\u00fcckstellung f\u00fcr die Nachforderung nicht hinterzogener Steuerbetr\u00e4ge und f\u00fcr Steuerberatungskosten aufgrund einer Betriebspr\u00fcfung zu bilden ist. Offen ist, ob dies im Jahr der wirtschaftlichen Veranlassung oder in dem Jahr zu erfolgen hat, in dem der Sachverhalt von der Betriebspr\u00fcfung aufgegriffen wird.<\/p>\n<h2>Automatischer Informationsaustausch<\/h2>\n<p>In dem Verfahren IX R 36\/21 geht es um die Verfassungskonformit\u00e4t der nationalen Rechtsgrundlage f\u00fcr den automatischen Informationsaustausch: das Finanzkonten-Informationsaustauschgesetz. Zu entscheiden hat der BFH, ob das Gesetz gegen die Grundrechte betroffener Steuerpflichtiger verst\u00f6\u00dft.<\/p>\n<p class=&quot;hide_creation_date&quot;>Stand: 27. M\u00e4rz 2024<\/p>\n<div class=&quot;hide_image_author&quot;>\n<p>Bild: H_Ko &#8211; stock.adobe.com<\/p>\n<\/div>\n","protected":false},"excerpt":{"rendered":"<p>BFH stellt relevante anh\u00e4ngige Verfahren im Jahresbericht vor<\/p>\n","protected":false},"author":1,"featured_media":0,"comment_status":"closed","ping_status":"closed","sticky":false,"template":"","format":"standard","meta":{"footnotes":""},"categories":[73],"tags":[],"class_list":["post-11288","post","type-post","status-publish","format-standard","hentry","category-steuernews"],"aioseo_notices":[],"_links":{"self":[{"href":"https:\/\/kanzlei-fahn.de\/en\/wp-json\/wp\/v2\/posts\/11288","targetHints":{"allow":["GET"]}}],"collection":[{"href":"https:\/\/kanzlei-fahn.de\/en\/wp-json\/wp\/v2\/posts"}],"about":[{"href":"https:\/\/kanzlei-fahn.de\/en\/wp-json\/wp\/v2\/types\/post"}],"author":[{"embeddable":true,"href":"https:\/\/kanzlei-fahn.de\/en\/wp-json\/wp\/v2\/users\/1"}],"replies":[{"embeddable":true,"href":"https:\/\/kanzlei-fahn.de\/en\/wp-json\/wp\/v2\/comments?post=11288"}],"version-history":[{"count":3,"href":"https:\/\/kanzlei-fahn.de\/en\/wp-json\/wp\/v2\/posts\/11288\/revisions"}],"predecessor-version":[{"id":11738,"href":"https:\/\/kanzlei-fahn.de\/en\/wp-json\/wp\/v2\/posts\/11288\/revisions\/11738"}],"wp:attachment":[{"href":"https:\/\/kanzlei-fahn.de\/en\/wp-json\/wp\/v2\/media?parent=11288"}],"wp:term":[{"taxonomy":"category","embeddable":true,"href":"https:\/\/kanzlei-fahn.de\/en\/wp-json\/wp\/v2\/categories?post=11288"},{"taxonomy":"post_tag","embeddable":true,"href":"https:\/\/kanzlei-fahn.de\/en\/wp-json\/wp\/v2\/tags?post=11288"}],"curies":[{"name":"wp","href":"https:\/\/api.w.org\/{rel}","templated":true}]}}