{"id":11300,"date":"2024-04-01T00:00:00","date_gmt":"2024-03-31T22:00:00","guid":{"rendered":"https:\/\/kanzlei-fahn.de\/april_2024-jahresabschluss_2023\/"},"modified":"2024-12-02T09:01:14","modified_gmt":"2024-12-02T08:01:14","slug":"april_2024-jahresabschluss_2023","status":"publish","type":"post","link":"https:\/\/kanzlei-fahn.de\/en\/april_2024-jahresabschluss_2023\/","title":{"rendered":"Jahresabschluss 2023"},"content":{"rendered":"<p><img decoding=\"async\" src=\"https:\/\/kanzlei-fahn.de\/wp-content\/uploads\/AdobeStock_457174182_Jahresabschluss_2023_V2_w500_h0_q80_jpg.jpg\" \/><\/p>\n<h2>R\u00fcckstellungen<\/h2>\n<p>F\u00fcr B\u00fccher und Aufzeichnungen, Buchungsbelege, Inventare, Jahresabschl\u00fcsse oder Lageberichte, f\u00fcr Handels- und Gesch\u00e4ftsbriefe sowie f\u00fcr weitere steuerrelevante Unterlagen bestehen gesetzliche Aufbewahrungspflichten. Die Aufbewahrungsfristen betragen derzeit noch zehn bzw. sechs Jahre. Geplant ist eine Verk\u00fcrzung der Aufbewahrungsfristen. F\u00fcr die damit verbundenen finanziellen Aufwendungen haben Unternehmerinnen und Unternehmer eine sogenannte \u201eR\u00fcckstellung f\u00fcr ungewisse Verbindlichkeiten\u201c zu bilden. Dies gilt sowohl f\u00fcr die Handels- als auch f\u00fcr die Steuerbilanz.<\/p>\n<h2>R\u00fcckstellungsf\u00e4hige Aufwendungen<\/h2>\n<p>Bei der Bildung der R\u00fcckstellung k\u00f6nnen u. a. folgende Kosten in die Berechnung der Archivierungsr\u00fcckstellung einbezogen werden: Personalkosten, Raumkosten (hier u. a. anteilige Abschreibung, Grundsteuer, Versicherung), Energiekosten f\u00fcr Heizung und Beleuchtung oder Aufwendungen f\u00fcr das Einscannen oder die Einlagerung der am Bilanzstichtag noch nicht archivierten Unterlagen des abgelaufenen Wirtschaftsjahres. R\u00fcckstellungsf\u00e4hig sind auch Kosten f\u00fcr die Datensicherung. Kosten f\u00fcr die Einrichtungsgegenst\u00e4nde wie Regale und Schr\u00e4nke k\u00f6nnen ebenfalls miteinbezogen werden (sofern nicht bereits abgeschrieben). Nicht r\u00fcckstellungsf\u00e4hig sind die Kosten f\u00fcr die Entsorgung von Unterlagen. Dar\u00fcber hinaus d\u00fcrfen in die R\u00fcckstellung keine Kosten f\u00fcr die fortlaufende Archivierung einbezogen werden.<\/p>\n<h2>Berechnung der R\u00fcckstellung<\/h2>\n<p>F\u00fcr die Berechnung der R\u00fcckstellung k\u00f6nnen einmal die j\u00e4hrlichen Kosten eines jeden aufzubewahrenden Jahres gesondert ermittelt und dann jeweils mit der Anzahl der Jahre bis zum Ablauf der Aufbewahrungsfrist multipliziert werden. Alternativ k\u00f6nnen die j\u00e4hrlich anfallenden Kosten mit dem Faktor 5,5 multipliziert werden.<\/p>\n<p class=&quot;hide_creation_date&quot;>Stand: 27. M\u00e4rz 2024<\/p>\n<div class=&quot;hide_image_author&quot;>\n<p>Bild:  magele-picture &#8211; stock.adobe.com<\/p>\n<\/div>\n","protected":false},"excerpt":{"rendered":"<p>R\u00fcckstellungen f\u00fcr Aufwendungen im Zusammenhang mit Archivierungspflichten bilden<\/p>\n","protected":false},"author":1,"featured_media":0,"comment_status":"closed","ping_status":"closed","sticky":false,"template":"","format":"standard","meta":{"footnotes":""},"categories":[73],"tags":[],"class_list":["post-11300","post","type-post","status-publish","format-standard","hentry","category-steuernews"],"aioseo_notices":[],"_links":{"self":[{"href":"https:\/\/kanzlei-fahn.de\/en\/wp-json\/wp\/v2\/posts\/11300","targetHints":{"allow":["GET"]}}],"collection":[{"href":"https:\/\/kanzlei-fahn.de\/en\/wp-json\/wp\/v2\/posts"}],"about":[{"href":"https:\/\/kanzlei-fahn.de\/en\/wp-json\/wp\/v2\/types\/post"}],"author":[{"embeddable":true,"href":"https:\/\/kanzlei-fahn.de\/en\/wp-json\/wp\/v2\/users\/1"}],"replies":[{"embeddable":true,"href":"https:\/\/kanzlei-fahn.de\/en\/wp-json\/wp\/v2\/comments?post=11300"}],"version-history":[{"count":3,"href":"https:\/\/kanzlei-fahn.de\/en\/wp-json\/wp\/v2\/posts\/11300\/revisions"}],"predecessor-version":[{"id":11746,"href":"https:\/\/kanzlei-fahn.de\/en\/wp-json\/wp\/v2\/posts\/11300\/revisions\/11746"}],"wp:attachment":[{"href":"https:\/\/kanzlei-fahn.de\/en\/wp-json\/wp\/v2\/media?parent=11300"}],"wp:term":[{"taxonomy":"category","embeddable":true,"href":"https:\/\/kanzlei-fahn.de\/en\/wp-json\/wp\/v2\/categories?post=11300"},{"taxonomy":"post_tag","embeddable":true,"href":"https:\/\/kanzlei-fahn.de\/en\/wp-json\/wp\/v2\/tags?post=11300"}],"curies":[{"name":"wp","href":"https:\/\/api.w.org\/{rel}","templated":true}]}}