{"id":11358,"date":"2024-05-01T00:00:00","date_gmt":"2024-04-30T22:00:00","guid":{"rendered":"https:\/\/kanzlei-fahn.de\/mai_2024-automatischer_informationsaustausch\/"},"modified":"2024-12-02T09:01:10","modified_gmt":"2024-12-02T08:01:10","slug":"mai_2024-automatischer_informationsaustausch","status":"publish","type":"post","link":"https:\/\/kanzlei-fahn.de\/en\/mai_2024-automatischer_informationsaustausch\/","title":{"rendered":"Automatischer Informationsaustausch"},"content":{"rendered":"<p><img decoding=\"async\" src=\"https:\/\/kanzlei-fahn.de\/wp-content\/uploads\/AdobeStock_774546220_Automatischer_Informationsaustausch_V2_w500_h0_q80_jpg.jpg\" \/><\/p>\n<h2>Finanzkonten-Informationsaustausch<\/h2>\n<p>Seit 2017 gibt es den sogenannten automatischen Informationsaustausch. Im vergangenen September meldeten 108 Staaten Personendaten \u00fcber Kontoinhaberinnen und Kontoinhaber sowie Kontodaten wie Gesamtsaldo, Dividenden, Zinsen, Gesamtbruttoerl\u00f6se usw. (Werte jeweils in US-Dollar) an deutsche Steuerbeh\u00f6rden. Unter den 108 Meldestaaten befindet sich auch die Schweiz. Der Informationsaustausch mit ausl\u00e4ndischen Beh\u00f6rden richtet sich nach dem Finanzkonten-Austauschgesetz\/FKAustG. Der Meldepflicht unterliegen unter anderem Banken, Versicherungen und Fondsgesellschaften.<\/p>\n<h2>Klage<\/h2>\n<p>Diverse Kapitalanlegerinnen und -anleger mit einem Konto in der Schweiz klagten gegen die \u00dcbermittlung ihrer Personen- und Kontodaten an das Bundeszentralamt f\u00fcr Steuern\/BZSt, der Anlaufstelle f\u00fcr ausl\u00e4ndische Kontrollmitteilungen. Sie machten geltend, die Daten\u00fcbermittlung verletze ihre Grundrechte auf informationelle Selbstbestimmung bzw. ihre Grundrechte auf allgemeine Handlungsfreiheit.<\/p>\n<h2>BFH-Urteil<\/h2>\n<p>Der Bundesfinanzhof\/BFH wies die Klage zur\u00fcck (Urteil vom 23.1.2024 IX R 36\/21). Die Verarbeitung der Daten durch das BZSt sei rechtm\u00e4\u00dfig. Einen Anspruch auf Datenl\u00f6schung nach der Datenschutz-Grundverordnung\/DSGVO sah der BFH nicht, da kein Versto\u00df gegen die DSGVO vorliegt. Zwar stellen die Verarbeitung und Speicherung der Daten durch die Schweizer Beh\u00f6rden und die \u00dcbermittlung an die deutschen Beh\u00f6rden einen Eingriff in das Recht auf informationelle Selbstbestimmung dar. Dieser Eingriff sei jedoch gerechtfertigt, da die Informationsverarbeitung auf Grundlage des FKAustG erfolgt.<\/p>\n<p class=&quot;hide_creation_date&quot;>Stand: 28. April 2024<\/p>\n<div class=&quot;hide_image_author&quot;>\n<p>Bild: sundas &#8211; stock.adobe.com<\/p>\n<\/div>\n","protected":false},"excerpt":{"rendered":"<p>BFH h\u00e4lt Finanzkonten-Austausch f\u00fcr verfassungsgem\u00e4\u00df<\/p>\n","protected":false},"author":1,"featured_media":0,"comment_status":"closed","ping_status":"closed","sticky":false,"template":"","format":"standard","meta":{"footnotes":""},"categories":[73],"tags":[],"class_list":["post-11358","post","type-post","status-publish","format-standard","hentry","category-steuernews"],"aioseo_notices":[],"_links":{"self":[{"href":"https:\/\/kanzlei-fahn.de\/en\/wp-json\/wp\/v2\/posts\/11358","targetHints":{"allow":["GET"]}}],"collection":[{"href":"https:\/\/kanzlei-fahn.de\/en\/wp-json\/wp\/v2\/posts"}],"about":[{"href":"https:\/\/kanzlei-fahn.de\/en\/wp-json\/wp\/v2\/types\/post"}],"author":[{"embeddable":true,"href":"https:\/\/kanzlei-fahn.de\/en\/wp-json\/wp\/v2\/users\/1"}],"replies":[{"embeddable":true,"href":"https:\/\/kanzlei-fahn.de\/en\/wp-json\/wp\/v2\/comments?post=11358"}],"version-history":[{"count":3,"href":"https:\/\/kanzlei-fahn.de\/en\/wp-json\/wp\/v2\/posts\/11358\/revisions"}],"predecessor-version":[{"id":11726,"href":"https:\/\/kanzlei-fahn.de\/en\/wp-json\/wp\/v2\/posts\/11358\/revisions\/11726"}],"wp:attachment":[{"href":"https:\/\/kanzlei-fahn.de\/en\/wp-json\/wp\/v2\/media?parent=11358"}],"wp:term":[{"taxonomy":"category","embeddable":true,"href":"https:\/\/kanzlei-fahn.de\/en\/wp-json\/wp\/v2\/categories?post=11358"},{"taxonomy":"post_tag","embeddable":true,"href":"https:\/\/kanzlei-fahn.de\/en\/wp-json\/wp\/v2\/tags?post=11358"}],"curies":[{"name":"wp","href":"https:\/\/api.w.org\/{rel}","templated":true}]}}