{"id":11373,"date":"2024-05-01T00:00:00","date_gmt":"2024-04-30T22:00:00","guid":{"rendered":"https:\/\/kanzlei-fahn.de\/mai_2024-corona-schlussabrechnungen\/"},"modified":"2024-12-02T09:01:13","modified_gmt":"2024-12-02T08:01:13","slug":"mai_2024-corona-schlussabrechnungen","status":"publish","type":"post","link":"https:\/\/kanzlei-fahn.de\/en\/mai_2024-corona-schlussabrechnungen\/","title":{"rendered":"Corona-Schlussabrechnungen"},"content":{"rendered":"<p><img decoding=\"async\" src=\"https:\/\/kanzlei-fahn.de\/wp-content\/uploads\/AdobeStock_415335413_Corona-Schlussabrechnungen_V2_w500_h0_q80_jpg.jpg\" \/><\/p>\n<h2>Corona-Wirtschaftshilfen<\/h2>\n<p>Unternehmen die w\u00e4hrend der Pandemiezeiten \u00dcberbr\u00fcckungshilfen erhalten haben, m\u00fcssen Schlussabrechnungen erstellen. Bisher war hierf\u00fcr eine Frist bis 31.3.2024 vorgesehen.<\/p>\n<h2>Fristverl\u00e4ngerung<\/h2>\n<p>Diese Frist wurde nun im Einvernehmen mit den Berufsorganisationen der Steuerberater und Wirtschaftspr\u00fcfer und der beteiligten Wirtschaftsressorts des Bundes auf den 30.9.2024 verl\u00e4ngert. Diese Frist kann in Ausnahmef\u00e4llen nochmals verl\u00e4ngert werden.<\/p>\n<h2>Verfahrensvereinfachungen<\/h2>\n<p>Dar\u00fcber hinaus sind Verfahrenserleichterungen und ein beschleunigter Pr\u00fcfprozess geplant. Unter anderem sollen standardm\u00e4\u00dfige Katalogabfragen ohne Bezug zum konkreten Einzelfall k\u00fcnftig vermieden werden (<a href=&quot;https:\/\/www.ueberbrueckungshilfe-unternehmen.de\/&quot; target=&quot;_blank&quot; rel=&quot;noopener&quot;>www.ueberbrueckungshilfe-unternehmen.de<\/a>).<\/p>\n<p class=&quot;hide_creation_date&quot;>Stand: 28. April 2024<\/p>\n<div class=&quot;hide_image_author&quot;>\n<p>Bild: vlady1984 &#8211; stock.adobe.com<\/p>\n<\/div>\n","protected":false},"excerpt":{"rendered":"<p>Finanzverwaltung gew\u00e4hrt Fristverl\u00e4ngerung bis 30.9.2024<\/p>\n","protected":false},"author":1,"featured_media":0,"comment_status":"closed","ping_status":"closed","sticky":false,"template":"","format":"standard","meta":{"footnotes":""},"categories":[73],"tags":[],"class_list":["post-11373","post","type-post","status-publish","format-standard","hentry","category-steuernews"],"aioseo_notices":[],"_links":{"self":[{"href":"https:\/\/kanzlei-fahn.de\/en\/wp-json\/wp\/v2\/posts\/11373","targetHints":{"allow":["GET"]}}],"collection":[{"href":"https:\/\/kanzlei-fahn.de\/en\/wp-json\/wp\/v2\/posts"}],"about":[{"href":"https:\/\/kanzlei-fahn.de\/en\/wp-json\/wp\/v2\/types\/post"}],"author":[{"embeddable":true,"href":"https:\/\/kanzlei-fahn.de\/en\/wp-json\/wp\/v2\/users\/1"}],"replies":[{"embeddable":true,"href":"https:\/\/kanzlei-fahn.de\/en\/wp-json\/wp\/v2\/comments?post=11373"}],"version-history":[{"count":3,"href":"https:\/\/kanzlei-fahn.de\/en\/wp-json\/wp\/v2\/posts\/11373\/revisions"}],"predecessor-version":[{"id":11736,"href":"https:\/\/kanzlei-fahn.de\/en\/wp-json\/wp\/v2\/posts\/11373\/revisions\/11736"}],"wp:attachment":[{"href":"https:\/\/kanzlei-fahn.de\/en\/wp-json\/wp\/v2\/media?parent=11373"}],"wp:term":[{"taxonomy":"category","embeddable":true,"href":"https:\/\/kanzlei-fahn.de\/en\/wp-json\/wp\/v2\/categories?post=11373"},{"taxonomy":"post_tag","embeddable":true,"href":"https:\/\/kanzlei-fahn.de\/en\/wp-json\/wp\/v2\/tags?post=11373"}],"curies":[{"name":"wp","href":"https:\/\/api.w.org\/{rel}","templated":true}]}}