{"id":11404,"date":"2024-06-01T00:00:00","date_gmt":"2024-05-31T22:00:00","guid":{"rendered":"https:\/\/kanzlei-fahn.de\/juni_2024-aktuelle_aenderungen_im_handelsrecht\/"},"modified":"2024-12-02T09:01:09","modified_gmt":"2024-12-02T08:01:09","slug":"juni_2024-aktuelle_aenderungen_im_handelsrecht","status":"publish","type":"post","link":"https:\/\/kanzlei-fahn.de\/en\/juni_2024-aktuelle_aenderungen_im_handelsrecht\/","title":{"rendered":"Aktuelle \u00c4nderungen im Handelsrecht"},"content":{"rendered":"<p><img decoding=\"async\" src=\"https:\/\/kanzlei-fahn.de\/wp-content\/uploads\/Aktuelle_Aenderungen_im_Handelsrecht_V2AdobeStock_788430274_gr_w500_h0_q80_jpg.jpg\" \/><\/p>\n<h2>DWD-Gesetz<\/h2>\n<p>Der Gesetzgeber hat in der Absicht, den betroffenen Unternehmen den beabsichtigten Entlastungseffekt bereits im Gesch\u00e4ftsjahr 2023 zugutekommen zu lassen, diverse \u00c4nderungen zu den Gr\u00f6\u00dfenklassen im Handelsgesetzbuch aus dem B\u00fcrokratieentlastungsgesetz IV, in das zweite Gesetz zur \u00c4nderung des DWD-Gesetzes sowie zur \u00c4nderung handelsrechtlicher Vorschriften (BGBl. 2024 I Nr. 120) gepackt. Damit konnte erreicht werden, dass die neuen Gr\u00f6\u00dfenklassen erstmals f\u00fcr nach dem 31.12.2023 beginnende Gesch\u00e4ftsjahre gelten. Sie d\u00fcrfen auch bereits ein Jahr vorher angewendet werden.<\/p>\n<h2>Neue Schwellenwerte im \u00dcberblick<\/h2>\n<p>Als Kleinstkapitalgesellschaften gelten k\u00fcnftig kleine Kapitalgesellschaften, die mindestens zwei der drei nachstehenden Merkmale nicht \u00fcberschreiten: Bilanzsumme von \u20ac 450.000,00 (bisher \u20ac 350.000,00), Umsatzerl\u00f6se in den zw\u00f6lf Monaten vor dem Abschlussstichtag von \u20ac 900.000,00 (bisher \u20ac 700.000,00), Besch\u00e4ftigung von im Jahresdurchschnitt zehn Arbeitnehmerinnen bzw. Arbeitnehmern (\u00a7 267a Handelsgesetzbuch HGB). Als kleine Kapitalgesellschaften gelten k\u00fcnftig Unternehmen mit einer Bilanzsumme von nicht mehr als \u20ac 7,5 Mio. (bisher \u20ac 6,0 Mio.), Umsatzerl\u00f6sen von nicht mehr als \u20ac 15,0 Mio. (bisher \u20ac 12,0 Mio.) oder die im Jahresdurchschnitt nicht mehr als 50 Arbeitnehmern (Anzahl unver\u00e4ndert) besch\u00e4ftigen. Es d\u00fcrfen wiederum zwei der drei Merkmale nicht \u00fcberschritten werden (\u00a7 267 Handelsgesetzbuch\/HGB). Als mittelgro\u00dfe Kapitalgesellschaften gelten jetzt jene, die analog mindestens zwei der drei nachstehenden Merkmale nicht \u00fcberschreiten: Bilanzsumme \u20ac 25,0 Mio. (bisher \u20ac 20,0 Mio.), Umsatzerl\u00f6se \u20ac 50 Mio. (bisher \u20ac 40,0 Mio.) und Arbeitnehmeranzahl von 250.<\/p>\n<h2>Gr\u00f6\u00dfenabh\u00e4ngige Befreiungen<\/h2>\n<p>Auch bei den gr\u00f6\u00dfenabh\u00e4ngigen Befreiungen (\u00a7 293 HGB) wurden die Schwellenwerte heraufgesetzt. So ist k\u00fcnftig ein Mutterunternehmen von der Pflicht, einen Konzernabschluss und einen Konzernlagebericht aufzustellen, befreit, wenn am Abschlussstichtag seines Jahresabschlusses und am vorhergehenden Abschlussstichtag mindestens zwei der drei nachstehenden Merkmale zutreffen: Bilanzsummen (Mutter- und Tochterunternehmen) \u00fcbersteigen insgesamt nicht \u20ac 30,0 Mio. (bisher \u20ac 24,0 Mio.), Umsatzerl\u00f6se \u00fcbersteigen in den zw\u00f6lf Monaten vor dem Abschlussstichtag insgesamt nicht \u20ac 60,0 Mio. (bisher \u20ac 40,0 Mio.), Mitarbeiterzahl durchschnittlich nicht mehr als 250 (unver\u00e4ndert).<\/p>\n<p class=&quot;hide_creation_date&quot;>Stand: 27. Mai 2024<\/p>\n<div class=&quot;hide_image_author&quot;>\n<p>Bild: Pakin &#8211; stock.adobe.com<\/p>\n<\/div>\n","protected":false},"excerpt":{"rendered":"<p>Neue Gr\u00f6\u00dfenmerkmale f\u00fcr die gr\u00f6\u00dfenm\u00e4\u00dfige Qualifizierung der Kapitalgesellschaften<\/p>\n","protected":false},"author":1,"featured_media":0,"comment_status":"closed","ping_status":"closed","sticky":false,"template":"","format":"standard","meta":{"footnotes":""},"categories":[73],"tags":[],"class_list":["post-11404","post","type-post","status-publish","format-standard","hentry","category-steuernews"],"aioseo_notices":[],"_links":{"self":[{"href":"https:\/\/kanzlei-fahn.de\/en\/wp-json\/wp\/v2\/posts\/11404","targetHints":{"allow":["GET"]}}],"collection":[{"href":"https:\/\/kanzlei-fahn.de\/en\/wp-json\/wp\/v2\/posts"}],"about":[{"href":"https:\/\/kanzlei-fahn.de\/en\/wp-json\/wp\/v2\/types\/post"}],"author":[{"embeddable":true,"href":"https:\/\/kanzlei-fahn.de\/en\/wp-json\/wp\/v2\/users\/1"}],"replies":[{"embeddable":true,"href":"https:\/\/kanzlei-fahn.de\/en\/wp-json\/wp\/v2\/comments?post=11404"}],"version-history":[{"count":3,"href":"https:\/\/kanzlei-fahn.de\/en\/wp-json\/wp\/v2\/posts\/11404\/revisions"}],"predecessor-version":[{"id":11712,"href":"https:\/\/kanzlei-fahn.de\/en\/wp-json\/wp\/v2\/posts\/11404\/revisions\/11712"}],"wp:attachment":[{"href":"https:\/\/kanzlei-fahn.de\/en\/wp-json\/wp\/v2\/media?parent=11404"}],"wp:term":[{"taxonomy":"category","embeddable":true,"href":"https:\/\/kanzlei-fahn.de\/en\/wp-json\/wp\/v2\/categories?post=11404"},{"taxonomy":"post_tag","embeddable":true,"href":"https:\/\/kanzlei-fahn.de\/en\/wp-json\/wp\/v2\/tags?post=11404"}],"curies":[{"name":"wp","href":"https:\/\/api.w.org\/{rel}","templated":true}]}}