{"id":11407,"date":"2024-06-01T00:00:00","date_gmt":"2024-05-31T22:00:00","guid":{"rendered":"https:\/\/kanzlei-fahn.de\/juni_2024-umstellung_auf_neue_e-rechnungen\/"},"modified":"2024-12-02T09:01:09","modified_gmt":"2024-12-02T08:01:09","slug":"juni_2024-umstellung_auf_neue_e-rechnungen","status":"publish","type":"post","link":"https:\/\/kanzlei-fahn.de\/en\/juni_2024-umstellung_auf_neue_e-rechnungen\/","title":{"rendered":"Umstellung auf neue E-Rechnungen"},"content":{"rendered":"<p><img decoding=\"async\" src=\"https:\/\/kanzlei-fahn.de\/wp-content\/uploads\/Umstellung_auf_neue_E-Rechnungen_V2AdobeStock_448182164_gr_w500_h0_q80_jpg.jpg\" \/><\/p>\n<h2>E-Rechnungen<\/h2>\n<p>Mit dem Wachstumschancengesetz (vom 27.3.2024 BGBl. 2024 I Nr. 108) wurde die obligatorische Ausstellung elektronischer Rechnungen f\u00fcr inl\u00e4ndische Ums\u00e4tze zwischen Unternehmen (B2B) eingef\u00fchrt. Entsprechende \u00c4nderungen wurden in \u00a7 14 Umsatzsteuergesetz\/UStG vorgenommen. Eine elektronische Rechnung i. S. v. \u00a7 14 Abs. 1 Satz 3 Umsatzsteuergesetz\/UStG liegt vor, wenn diese \u201ein einem strukturierten elektronischen Format ausgestellt, \u00fcbermittelt und empfangen wird und die elektronische Verarbeitung erm\u00f6glicht\u201c. Zur Erf\u00fcllung des ma\u00dfgeblichen strukturierten elektronischen Formats sind bestimmte EU-Vorschriften einzuhalten. Alle anderen Rechnungen, die nicht in einem strukturierten elektronischen Format \u00fcbermittelt werden (z. B. Rechnungen im PDF-Format \u00fcbermittelt durch E-Mail), gelten als sonstige Rechnungen.<\/p>\n<h2>Zul\u00e4ssige Formate<\/h2>\n<p>Nach dem BMF-Schreiben vom 2.10.2023 \u2013 (III C 2 &#8211; S 7287-a\/23\/10001 :007) sind Rechnungen nach dem XStandard als auch nach dem ZUGFeRDFormat ab Version 2.0.1 grunds\u00e4tzlich Rechnungen in einem strukturierten elektronischen Format und damit auch k\u00fcnftig zul\u00e4ssig.<\/p>\n<h2>Zeitlicher Anwendungsbereich<\/h2>\n<p>Die Annahme einer elektronischen Rechnung ist im B2B-Bereich f\u00fcr alle ab dem 1.1.2025 verpflichtend. Dies gilt auch f\u00fcr Kleinunternehmer i. S. des Umsatzsteuergesetzes. Nur f\u00fcr das Ausstellen obligatorischer E-Rechnungen gelten folgende \u00dcbergangsregelungen: F\u00fcr zwischen dem 1.1.2025 und 31.12.2026 ausgef\u00fchrte Ums\u00e4tze k\u00f6nnen befristet bis zum 31.12.2026 sonstige Rechnungen auf Papier oder einem beliebigen elektronischen Format ausgestellt werden. Die \u00dcbergangsfrist verl\u00e4ngert sich f\u00fcr Unternehmen, deren Gesamtumsatz im Vorjahr (2026) nicht \u00fcber \u20ac 800.000,00 hinausgeht und mit Zustimmung der Empf\u00e4ngerin bzw. des Empf\u00e4ngers bis 31.12.2027. Kleinbetragsrechnungen bis \u20ac 250,00 und Fahrausweise bleiben von der digitalen Rechnungsstellungspflicht ausgenommen (vgl. \u00a7 27 Abs. 39 UStG).<\/p>\n<p class=&quot;hide_creation_date&quot;>Stand: 27. Mai 2024<\/p>\n<div class=&quot;hide_image_author&quot;>\n<p>Bild:  Andrey Popov &#8211; stock.adobe.com<\/p>\n<\/div>\n","protected":false},"excerpt":{"rendered":"<p>Neuerungen aus dem Wachstumschancengesetz<\/p>\n","protected":false},"author":1,"featured_media":0,"comment_status":"closed","ping_status":"closed","sticky":false,"template":"","format":"standard","meta":{"footnotes":""},"categories":[73],"tags":[],"class_list":["post-11407","post","type-post","status-publish","format-standard","hentry","category-steuernews"],"aioseo_notices":[],"_links":{"self":[{"href":"https:\/\/kanzlei-fahn.de\/en\/wp-json\/wp\/v2\/posts\/11407","targetHints":{"allow":["GET"]}}],"collection":[{"href":"https:\/\/kanzlei-fahn.de\/en\/wp-json\/wp\/v2\/posts"}],"about":[{"href":"https:\/\/kanzlei-fahn.de\/en\/wp-json\/wp\/v2\/types\/post"}],"author":[{"embeddable":true,"href":"https:\/\/kanzlei-fahn.de\/en\/wp-json\/wp\/v2\/users\/1"}],"replies":[{"embeddable":true,"href":"https:\/\/kanzlei-fahn.de\/en\/wp-json\/wp\/v2\/comments?post=11407"}],"version-history":[{"count":3,"href":"https:\/\/kanzlei-fahn.de\/en\/wp-json\/wp\/v2\/posts\/11407\/revisions"}],"predecessor-version":[{"id":11714,"href":"https:\/\/kanzlei-fahn.de\/en\/wp-json\/wp\/v2\/posts\/11407\/revisions\/11714"}],"wp:attachment":[{"href":"https:\/\/kanzlei-fahn.de\/en\/wp-json\/wp\/v2\/media?parent=11407"}],"wp:term":[{"taxonomy":"category","embeddable":true,"href":"https:\/\/kanzlei-fahn.de\/en\/wp-json\/wp\/v2\/categories?post=11407"},{"taxonomy":"post_tag","embeddable":true,"href":"https:\/\/kanzlei-fahn.de\/en\/wp-json\/wp\/v2\/tags?post=11407"}],"curies":[{"name":"wp","href":"https:\/\/api.w.org\/{rel}","templated":true}]}}