{"id":11410,"date":"2024-06-01T00:00:00","date_gmt":"2024-05-31T22:00:00","guid":{"rendered":"https:\/\/kanzlei-fahn.de\/juni_2024-lohnsteuer_bei_auslandstaetigkeit\/"},"modified":"2024-12-02T09:01:09","modified_gmt":"2024-12-02T08:01:09","slug":"juni_2024-lohnsteuer_bei_auslandstaetigkeit","status":"publish","type":"post","link":"https:\/\/kanzlei-fahn.de\/en\/juni_2024-lohnsteuer_bei_auslandstaetigkeit\/","title":{"rendered":"Lohnsteuer bei Auslandst\u00e4tigkeit"},"content":{"rendered":"<p><img decoding=\"async\" src=\"https:\/\/kanzlei-fahn.de\/wp-content\/uploads\/Lohnsteuer_bei_Auslandstaetigkeit_V2_AdobeStock_24749031_gr_w500_h0_q80_jpg.jpg\" \/><\/p>\n<h2>Lohnsteuer-Einbehalt<\/h2>\n<p>\u00a7 39b Einkommensteuergesetz\/EStG regelt die Einbehaltung von Lohnsteuern bei unbeschr\u00e4nkt und beschr\u00e4nkt einkommensteuerpflichtigen Arbeitnehmerinnen und Arbeitnehmern. Die Vorschrift findet f\u00fcr die Berechnung der Lohnsteuer f\u00fcr laufenden Arbeitslohn Anwendung in F\u00e4llen, in denen der Arbeitslohn nach einem Doppelbesteuerungsabkommen\/DBA oder dem Auslandst\u00e4tigkeitserlass teilweise steuerfrei gestellt ist oder der Arbeitnehmer nur f\u00fcr bestimmte Tage beschr\u00e4nkt steuerpflichtig ist. Nach den in 2023 aktualisierten Lohnsteuer-Richtlinien bleiben bei der Berechnung des Lohnzahlungszeitraumes jene Arbeitstage unber\u00fccksichtigt, an denen der Arbeitslohn nicht dem inl\u00e4ndischen Lohnsteuerabzug unterliegt, weil dieser z. B. nach einem DBA im Inland steuerfrei gestellt ist (R 39b5 Abs. 2 Satz 4 LStR).<\/p>\n<h2>Erg\u00e4nzende Hinweise<\/h2>\n<p>Zu dieser Vorschrift hat die Finanzverwaltung in den neuen Lohnsteuer-Hinweisen 2024 zwei Berechnungsalternativen ver\u00f6ffentlicht (H 39b.5 LStH 2024). Inl\u00e4ndische Arbeitgeberinnen und Arbeitgeber k\u00f6nnen danach f\u00fcr die Ermittlung der f\u00fcr die Lohnsteuerberechnung ma\u00dfgeblichen Tage entweder die Nichtarbeitstage im Verh\u00e4ltnis der Arbeitstage in Deutschland zu den Gesamtarbeitstagen ansetzen oder es werden genau jene Tage gez\u00e4hlt, an denen sich der Arbeitnehmer in Deutschland aufgehalten hat (Arbeitstage + Nichtarbeitstage).<\/p>\n<p class=&quot;hide_creation_date&quot;>Stand: 27. Mai 2024<\/p>\n<div class=&quot;hide_image_author&quot;>\n<p>Bild: Wolfilser &#8211; stock.adobe.com<\/p>\n<\/div>\n","protected":false},"excerpt":{"rendered":"<p>BMF ver\u00f6ffentlicht neue Lohnsteuer-Hinweise zum teilweise in Deutschland steuerpflichtigen Arbeitslohn<\/p>\n","protected":false},"author":1,"featured_media":0,"comment_status":"closed","ping_status":"closed","sticky":false,"template":"","format":"standard","meta":{"footnotes":""},"categories":[73],"tags":[],"class_list":["post-11410","post","type-post","status-publish","format-standard","hentry","category-steuernews"],"aioseo_notices":[],"_links":{"self":[{"href":"https:\/\/kanzlei-fahn.de\/en\/wp-json\/wp\/v2\/posts\/11410","targetHints":{"allow":["GET"]}}],"collection":[{"href":"https:\/\/kanzlei-fahn.de\/en\/wp-json\/wp\/v2\/posts"}],"about":[{"href":"https:\/\/kanzlei-fahn.de\/en\/wp-json\/wp\/v2\/types\/post"}],"author":[{"embeddable":true,"href":"https:\/\/kanzlei-fahn.de\/en\/wp-json\/wp\/v2\/users\/1"}],"replies":[{"embeddable":true,"href":"https:\/\/kanzlei-fahn.de\/en\/wp-json\/wp\/v2\/comments?post=11410"}],"version-history":[{"count":3,"href":"https:\/\/kanzlei-fahn.de\/en\/wp-json\/wp\/v2\/posts\/11410\/revisions"}],"predecessor-version":[{"id":11716,"href":"https:\/\/kanzlei-fahn.de\/en\/wp-json\/wp\/v2\/posts\/11410\/revisions\/11716"}],"wp:attachment":[{"href":"https:\/\/kanzlei-fahn.de\/en\/wp-json\/wp\/v2\/media?parent=11410"}],"wp:term":[{"taxonomy":"category","embeddable":true,"href":"https:\/\/kanzlei-fahn.de\/en\/wp-json\/wp\/v2\/categories?post=11410"},{"taxonomy":"post_tag","embeddable":true,"href":"https:\/\/kanzlei-fahn.de\/en\/wp-json\/wp\/v2\/tags?post=11410"}],"curies":[{"name":"wp","href":"https:\/\/api.w.org\/{rel}","templated":true}]}}