{"id":11416,"date":"2024-06-01T00:00:00","date_gmt":"2024-05-31T22:00:00","guid":{"rendered":"https:\/\/kanzlei-fahn.de\/juni_2024-grundsteuer_2025\/"},"modified":"2024-12-02T09:01:09","modified_gmt":"2024-12-02T08:01:09","slug":"juni_2024-grundsteuer_2025","status":"publish","type":"post","link":"https:\/\/kanzlei-fahn.de\/en\/juni_2024-grundsteuer_2025\/","title":{"rendered":"Grundsteuer 2025"},"content":{"rendered":"<p><img decoding=\"async\" src=\"https:\/\/kanzlei-fahn.de\/wp-content\/uploads\/Grundsteuer_2025_V2_AdobeStock_709466385_gr_w500_h0_q80_jpg.jpg\" \/><\/p>\n<h2>Grundsteuer 2025<\/h2>\n<p>Ab dem n\u00e4chsten Jahr tritt die \u201eneue\u201c Grundsteuer in Kraft. Von Seiten des Bundesfinanzministeriums\/BMF wurde eine aufkommensneutrale Grundsteuerreform versprochen. Eine aufkommensneutrale Umsetzung der neuen Grundsteuer h\u00e4ngt allerdings von den St\u00e4dten und Kommunen ab.<\/p>\n<h2>Berlin<\/h2>\n<p>Als eines der ersten Bundesl\u00e4nder hat Berlin nahezu alle Grundsteuerwertbescheide erteilt und die Folgen der neuen Grundsteuerbemessung analysiert. Nach einer Pressemitteilung (vom 26.3.2024) soll die Steuermesszahl f\u00fcr Wohngrundst\u00fccke 0,31 Promille betragen und f\u00fcr Nichtwohngrundst\u00fccke und unbebaute Grundst\u00fccke 0,45 Promille. Dar\u00fcber hinaus soll der Hebesatz f\u00fcr die Grundsteuer nahezu halbiert werden. Damit soll eine erhebliche Erh\u00f6hung der Grundsteuern durch die vom Gesetzgeber vorgegebenen Messzahlen in Berlin vermieden oder deutlich gemildert werden.<\/p>\n<p class=&quot;hide_creation_date&quot;>Stand: 27. Mai 2024<\/p>\n<div class=&quot;hide_image_author&quot;>\n<p>Bild: David &#8211; stock.adobe.com<\/p>\n<\/div>\n","protected":false},"excerpt":{"rendered":"<p>Berlin senkt Hebesatz von 810 % auf 470 %<\/p>\n","protected":false},"author":1,"featured_media":0,"comment_status":"closed","ping_status":"closed","sticky":false,"template":"","format":"standard","meta":{"footnotes":""},"categories":[73],"tags":[],"class_list":["post-11416","post","type-post","status-publish","format-standard","hentry","category-steuernews"],"aioseo_notices":[],"_links":{"self":[{"href":"https:\/\/kanzlei-fahn.de\/en\/wp-json\/wp\/v2\/posts\/11416","targetHints":{"allow":["GET"]}}],"collection":[{"href":"https:\/\/kanzlei-fahn.de\/en\/wp-json\/wp\/v2\/posts"}],"about":[{"href":"https:\/\/kanzlei-fahn.de\/en\/wp-json\/wp\/v2\/types\/post"}],"author":[{"embeddable":true,"href":"https:\/\/kanzlei-fahn.de\/en\/wp-json\/wp\/v2\/users\/1"}],"replies":[{"embeddable":true,"href":"https:\/\/kanzlei-fahn.de\/en\/wp-json\/wp\/v2\/comments?post=11416"}],"version-history":[{"count":3,"href":"https:\/\/kanzlei-fahn.de\/en\/wp-json\/wp\/v2\/posts\/11416\/revisions"}],"predecessor-version":[{"id":11720,"href":"https:\/\/kanzlei-fahn.de\/en\/wp-json\/wp\/v2\/posts\/11416\/revisions\/11720"}],"wp:attachment":[{"href":"https:\/\/kanzlei-fahn.de\/en\/wp-json\/wp\/v2\/media?parent=11416"}],"wp:term":[{"taxonomy":"category","embeddable":true,"href":"https:\/\/kanzlei-fahn.de\/en\/wp-json\/wp\/v2\/categories?post=11416"},{"taxonomy":"post_tag","embeddable":true,"href":"https:\/\/kanzlei-fahn.de\/en\/wp-json\/wp\/v2\/tags?post=11416"}],"curies":[{"name":"wp","href":"https:\/\/api.w.org\/{rel}","templated":true}]}}