{"id":11420,"date":"2024-07-01T00:00:00","date_gmt":"2024-06-30T22:00:00","guid":{"rendered":"https:\/\/kanzlei-fahn.de\/juli_2024-jahressteuergesetz_2024\/"},"modified":"2024-12-02T09:01:07","modified_gmt":"2024-12-02T08:01:07","slug":"juli_2024-jahressteuergesetz_2024","status":"publish","type":"post","link":"https:\/\/kanzlei-fahn.de\/en\/juli_2024-jahressteuergesetz_2024\/","title":{"rendered":"Jahressteuergesetz 2024"},"content":{"rendered":"<p><img decoding=\"async\" src=\"https:\/\/kanzlei-fahn.de\/wp-content\/uploads\/Jahressteuergesetz_2024_V2_AdobeStock_721895334_gr_w500_h0_q80_jpg.jpg\" \/><\/p>\n<h2>Jahressteuergesetz<\/h2>\n<p>Das Bundesfinanzministerium hat vor Kurzem einen 243-seitigen Referentenentwurf f\u00fcr ein Jahressteuergesetz 2024 vorgelegt. Der 44 Artikel umfassende Entwurf sieht unter anderem \u00c4nderungen im Einkommensteuer-, K\u00f6rperschaftsteuer-, Gewerbesteuer-, Umsatzsteuer- und Umwandlungssteuergesetz sowie der Abgabenordnung und diverser Durchf\u00fchrungsverordnungen vor.<\/p>\n<h2>Einkommensteuer<\/h2>\n<p>Erfreulich ist die geplante Erweiterung der Steuerbefreiung f\u00fcr kleine Photovoltaikanlagen (\u00a7 3 Nr. 72 EStG-neu). Die zul\u00e4ssige Bruttoleistung soll k\u00fcnftig \u2013 wie bereits bei Einfamilienh\u00e4usern der Fall \u2013f\u00fcr Anlagen auf sonstigen Geb\u00e4uden von 15 kW (peak) auf 30 kW (peak) je Wohn- oder Gewerbeeinheit erh\u00f6ht werden. Klargestellt wird auch, dass es sich bei diesen Leistungsgrenzen um eine Freigrenze und nicht um einen Freibetrag handelt.<\/p>\n<p>Erw\u00e4hnenswert ist auch die Einf\u00fchrung einer Freigrenze f\u00fcr steuerfreie Bonuszahlungen der Krankenkassen. Auf der Grundlage von \u00a7 65a SGB V erbrachte Bonusleistungen sollen zuk\u00fcnftig bis zu einer H\u00f6he von \u20ac 150,00 pro Steuerpflichtiger bzw. Steuerpflichtigem und Beitragsjahr nicht als Beitragserstattung gelten. F\u00fcr Arbeitnehmerinnen und Arbeitnehmer relevant ist die geplante Pauschalbesteuerung f\u00fcr Mobilit\u00e4tsbudgets. Sollte dieses Gesetzesvorhaben umgesetzt werden (\u00a7 40 Abs. 2 Nr. 8 EStG-neu), k\u00f6nnen die bisherigen Pauschalbesteuerungsvorschriften auf weitere Fortbewegungsm\u00f6glichkeiten, wie z. B. E-Scooter, Carsharing usw., angewendet werden.<\/p>\n<h2>Umsatzsteuer<\/h2>\n<p>Unter den vielen geplanten \u00c4nderungsvorschriften bei der Umsatzsteuer ist die Neufassung von \u00a7 15 Abs. 1 Satz 1 Nr. 1 Umsatzsteuergesetz\/UStG besonders erw\u00e4hnenswert. So soll f\u00fcr eine Leistungsempf\u00e4ngerin bzw. einen Leistungsempf\u00e4nger k\u00fcnftig (voraussichtlich ab 2026) der Vorsteuerabzug bei Leistungsbezug von einem \u201eIstversteuerer\u201c (dieser muss die Umsatzsteuer erst im Kalendermonat der tats\u00e4chlichen Vereinnahmung des Rechnungsbetrags anmelden und abf\u00fchren \u2013 \u00a7 20 UStG) erst ab dem Zeitpunkt m\u00f6glich sein, ab dem eine Zahlung auf die entsprechende Leistung erfolgt ist. Gleichzeitig wird eine neue Rechnungskennzeichnungspflicht \u201eVersteuerung nach vereinnahmten Entgelten\u201c f\u00fcr Istversteuerer eingef\u00fchrt (neuer \u00a7 14 Abs. 4 Satz 1 Nr. 6a UStG).<\/p>\n<p class=&quot;hide_creation_date&quot;>Stand: 26. Juni 2024<\/p>\n<div class=&quot;hide_image_author&quot;>\n<p>Bild: Stratocaster &#8211; stock.adobe.com<\/p>\n<\/div>\n","protected":false},"excerpt":{"rendered":"<p>BMF ver\u00f6ffentlicht 243-seitigen Referentenentwurf f\u00fcr umfassende Steuer\u00e4nderungen<\/p>\n","protected":false},"author":1,"featured_media":0,"comment_status":"closed","ping_status":"closed","sticky":false,"template":"","format":"standard","meta":{"footnotes":""},"categories":[73],"tags":[],"class_list":["post-11420","post","type-post","status-publish","format-standard","hentry","category-steuernews"],"aioseo_notices":[],"_links":{"self":[{"href":"https:\/\/kanzlei-fahn.de\/en\/wp-json\/wp\/v2\/posts\/11420","targetHints":{"allow":["GET"]}}],"collection":[{"href":"https:\/\/kanzlei-fahn.de\/en\/wp-json\/wp\/v2\/posts"}],"about":[{"href":"https:\/\/kanzlei-fahn.de\/en\/wp-json\/wp\/v2\/types\/post"}],"author":[{"embeddable":true,"href":"https:\/\/kanzlei-fahn.de\/en\/wp-json\/wp\/v2\/users\/1"}],"replies":[{"embeddable":true,"href":"https:\/\/kanzlei-fahn.de\/en\/wp-json\/wp\/v2\/comments?post=11420"}],"version-history":[{"count":3,"href":"https:\/\/kanzlei-fahn.de\/en\/wp-json\/wp\/v2\/posts\/11420\/revisions"}],"predecessor-version":[{"id":11690,"href":"https:\/\/kanzlei-fahn.de\/en\/wp-json\/wp\/v2\/posts\/11420\/revisions\/11690"}],"wp:attachment":[{"href":"https:\/\/kanzlei-fahn.de\/en\/wp-json\/wp\/v2\/media?parent=11420"}],"wp:term":[{"taxonomy":"category","embeddable":true,"href":"https:\/\/kanzlei-fahn.de\/en\/wp-json\/wp\/v2\/categories?post=11420"},{"taxonomy":"post_tag","embeddable":true,"href":"https:\/\/kanzlei-fahn.de\/en\/wp-json\/wp\/v2\/tags?post=11420"}],"curies":[{"name":"wp","href":"https:\/\/api.w.org\/{rel}","templated":true}]}}