{"id":11423,"date":"2024-07-01T00:00:00","date_gmt":"2024-06-30T22:00:00","guid":{"rendered":"https:\/\/kanzlei-fahn.de\/juli_2024-betriebsveranstaltungen\/"},"modified":"2024-12-02T09:01:07","modified_gmt":"2024-12-02T08:01:07","slug":"juli_2024-betriebsveranstaltungen","status":"publish","type":"post","link":"https:\/\/kanzlei-fahn.de\/en\/juli_2024-betriebsveranstaltungen\/","title":{"rendered":"Betriebsveranstaltungen"},"content":{"rendered":"<p><img decoding=\"async\" src=\"https:\/\/kanzlei-fahn.de\/wp-content\/uploads\/Betriebsveranstaltungen_V2_AdobeStock_765019494_gr_w500_h0_q80_jpg.jpg\" \/><\/p>\n<h2>Betriebsveranstaltung<\/h2>\n<p>Nach dem Einkommensteuerrecht (\u00a7 19 Abs. 1 Nr. 1a Satz 1 Einkommensteuergesetz\/EStG) z\u00e4hlen Zuwendungen der Arbeitgeberin bzw. des Arbeitgebers an Arbeitnehmerinnen und Arbeitnehmer sowie deren Begleitpersonen \u201eanl\u00e4sslich von Veranstaltungen auf betrieblicher Ebene mit gesellschaftlichem Charakter (Betriebsveranstaltung)\u201c zum Arbeitslohn. Ausnahme: Die Kosten \u00fcbersteigen \u20ac 110,00 je Betriebsveranstaltung und teilnehmendem Arbeitnehmer nicht und die Teilnahme an der Betriebsveranstaltung steht allen Angeh\u00f6rigen des Betriebs oder eines Betriebsteils offen.<\/p>\n<h2>Vorstandsfeier<\/h2>\n<p>Hinsichtlich der Voraussetzungen der Teilnahmem\u00f6glichkeiten f\u00fcr alle Betriebsangeh\u00f6rigen hat der Bundesfinanzhof\/BFH entschieden, dass eine Betriebsveranstaltung auch dann vorliegen kann, wenn sie eben nicht allen Angeh\u00f6rigen eines Betriebs oder eines Betriebsteils offensteht (Urteil vom 27.3.2024, VI R 5\/22). Im Streitfall erkannte das Finanzamt Aufwendungen f\u00fcr eine Weihnachtsfeier ausschlie\u00dflich f\u00fcr Vorst\u00e4nde nicht als steuerbeg\u00fcnstigte Betriebsveranstaltung an, da die Feier nur den Vorst\u00e4nden vorbehalten war. Die M\u00f6glichkeit der Lohnsteuerpauschalierung wurde nicht zugelassen. Der BFH folgte der Auffassung des Finanzamtes nicht und lie\u00df die Pauschalversteuerung zu. Nach BFH-Auffassung steht die Bedingung der Teilnahmem\u00f6glichkeit f\u00fcr alle Besch\u00e4ftigten in \u00a7 19 Abs. 1 Satz 1 Nr. 1a Satz 3 EStG und betrifft somit nur die Gew\u00e4hrung des Freibetrags in H\u00f6he von \u20ac 110,00.<\/p>\n<p class=&quot;hide_creation_date&quot;>Stand: 26. Juni 2024<\/p>\n<div class=&quot;hide_image_author&quot;>\n<p>Bild: Bartek &#8211; stock.adobe.com<\/p>\n<\/div>\n","protected":false},"excerpt":{"rendered":"<p>Lohnsteuerpauschalierung bei Betriebsveranstaltung auch bei nur eingeschr\u00e4nkter Teilnahme zul\u00e4ssig<\/p>\n","protected":false},"author":1,"featured_media":0,"comment_status":"closed","ping_status":"closed","sticky":false,"template":"","format":"standard","meta":{"footnotes":""},"categories":[73],"tags":[],"class_list":["post-11423","post","type-post","status-publish","format-standard","hentry","category-steuernews"],"aioseo_notices":[],"_links":{"self":[{"href":"https:\/\/kanzlei-fahn.de\/en\/wp-json\/wp\/v2\/posts\/11423","targetHints":{"allow":["GET"]}}],"collection":[{"href":"https:\/\/kanzlei-fahn.de\/en\/wp-json\/wp\/v2\/posts"}],"about":[{"href":"https:\/\/kanzlei-fahn.de\/en\/wp-json\/wp\/v2\/types\/post"}],"author":[{"embeddable":true,"href":"https:\/\/kanzlei-fahn.de\/en\/wp-json\/wp\/v2\/users\/1"}],"replies":[{"embeddable":true,"href":"https:\/\/kanzlei-fahn.de\/en\/wp-json\/wp\/v2\/comments?post=11423"}],"version-history":[{"count":3,"href":"https:\/\/kanzlei-fahn.de\/en\/wp-json\/wp\/v2\/posts\/11423\/revisions"}],"predecessor-version":[{"id":11692,"href":"https:\/\/kanzlei-fahn.de\/en\/wp-json\/wp\/v2\/posts\/11423\/revisions\/11692"}],"wp:attachment":[{"href":"https:\/\/kanzlei-fahn.de\/en\/wp-json\/wp\/v2\/media?parent=11423"}],"wp:term":[{"taxonomy":"category","embeddable":true,"href":"https:\/\/kanzlei-fahn.de\/en\/wp-json\/wp\/v2\/categories?post=11423"},{"taxonomy":"post_tag","embeddable":true,"href":"https:\/\/kanzlei-fahn.de\/en\/wp-json\/wp\/v2\/tags?post=11423"}],"curies":[{"name":"wp","href":"https:\/\/api.w.org\/{rel}","templated":true}]}}