{"id":11432,"date":"2024-07-01T00:00:00","date_gmt":"2024-06-30T22:00:00","guid":{"rendered":"https:\/\/kanzlei-fahn.de\/juli_2024-ferienjobs\/"},"modified":"2024-12-02T09:01:07","modified_gmt":"2024-12-02T08:01:07","slug":"juli_2024-ferienjobs","status":"publish","type":"post","link":"https:\/\/kanzlei-fahn.de\/en\/juli_2024-ferienjobs\/","title":{"rendered":"Ferienjobs"},"content":{"rendered":"<p><img decoding=\"async\" src=\"https:\/\/kanzlei-fahn.de\/wp-content\/uploads\/Ferienjobs_V2_AdobeStock_450034659_gr_w500_h0_q80_jpg.jpg\" \/><\/p>\n<h2>Geringf\u00fcgige Besch\u00e4ftigung<\/h2>\n<p>Ferienjobs w\u00e4hrend der Sommermonate Juli und August stellen im Regelfall eine sozialversicherungsfreie zeitlich geringf\u00fcgige Besch\u00e4ftigung dar, da die Zeitgrenzen von drei Monaten oder insgesamt 70 Arbeitstagen nicht \u00fcberschritten werden. Die Zeitgrenze von 3 Monaten und die Zeitgrenze von 70 Arbeitstagen gilt gleichwertig bei der Beurteilung einer kurzfristigen Besch\u00e4ftigung (vgl. Geringf\u00fcgigkeits-Richtlinien vom 14.12.2023 \u201eArbeitnehmer in einer kurzfristigen Besch\u00e4ftigung k\u00f6nnen 3 Monate oder 70 Arbeitstage besch\u00e4ftigt sein\u201c). Zur Berechnung der ma\u00dfgeblichen Zeitgrenzen m\u00fcssen alle Besch\u00e4ftigungen innerhalb eines Kalenderjahres zusammengerechnet werden. Voraussetzung ist jeweils, dass keine berufsm\u00e4\u00dfige Besch\u00e4ftigung mit einem monatlichen Arbeitsentgelt oberhalb der Geringf\u00fcgigkeitsgrenze vorliegt. Die berufsm\u00e4\u00dfige Aus\u00fcbung eines Ferienjobs scheidet bei Sch\u00fclerinnen und Sch\u00fclern regelm\u00e4\u00dfig aus.<\/p>\n<h2>Immatrikulierte Studierende<\/h2>\n<p>Studierende, die an einer Hochschule, Fachhochschule oder Akademie immatrikuliert sind, sind grunds\u00e4tzlich sozialversicherungsfrei. Voraussetzung ist, dass der Ferienjob in den Semesterferien ausge\u00fcbt wird.<\/p>\n<h2>Unfallversicherung<\/h2>\n<p>F\u00fcr Sch\u00fcler besteht Versicherungsschutz in der gesetzlichen Unfallversicherung. Die Beitr\u00e4ge hierf\u00fcr hat die Arbeitgeberin bzw. der Arbeitgeber aufzubringen. Auch f\u00fcr Studierende ist die Versicherungspflicht in der gesetzlichen Unfallversicherung zu beachten. Grunds\u00e4tzlich sind Ferienjobberinnen und -jobber wie Aushilfen zu behandeln. Die Arbeitsentgelte sind im Jahreslohnnachweis der Berufsgenossenschaft zu melden.<\/p>\n<h2>Schulentlassene<\/h2>\n<p>Abweichende Regelungen gelten f\u00fcr Schulentlassene. Bei Ferienbesch\u00e4ftigungen beispielsweise zwischen Abitur und Studium ist eine berufsm\u00e4\u00dfige Besch\u00e4ftigung stets zu pr\u00fcfen. <\/p>\n<p class=&quot;hide_creation_date&quot;>Stand: 26. Juni 2024<\/p>\n<div class=&quot;hide_image_author&quot;>\n<p>Bild:  fizkes &#8211; stock.adobe.com<\/p>\n<\/div>\n","protected":false},"excerpt":{"rendered":"<p>Tipps f\u00fcr die richtige sozialversicherungsrechtliche Beurteilung<\/p>\n","protected":false},"author":1,"featured_media":0,"comment_status":"closed","ping_status":"closed","sticky":false,"template":"","format":"standard","meta":{"footnotes":""},"categories":[73],"tags":[],"class_list":["post-11432","post","type-post","status-publish","format-standard","hentry","category-steuernews"],"aioseo_notices":[],"_links":{"self":[{"href":"https:\/\/kanzlei-fahn.de\/en\/wp-json\/wp\/v2\/posts\/11432","targetHints":{"allow":["GET"]}}],"collection":[{"href":"https:\/\/kanzlei-fahn.de\/en\/wp-json\/wp\/v2\/posts"}],"about":[{"href":"https:\/\/kanzlei-fahn.de\/en\/wp-json\/wp\/v2\/types\/post"}],"author":[{"embeddable":true,"href":"https:\/\/kanzlei-fahn.de\/en\/wp-json\/wp\/v2\/users\/1"}],"replies":[{"embeddable":true,"href":"https:\/\/kanzlei-fahn.de\/en\/wp-json\/wp\/v2\/comments?post=11432"}],"version-history":[{"count":3,"href":"https:\/\/kanzlei-fahn.de\/en\/wp-json\/wp\/v2\/posts\/11432\/revisions"}],"predecessor-version":[{"id":11698,"href":"https:\/\/kanzlei-fahn.de\/en\/wp-json\/wp\/v2\/posts\/11432\/revisions\/11698"}],"wp:attachment":[{"href":"https:\/\/kanzlei-fahn.de\/en\/wp-json\/wp\/v2\/media?parent=11432"}],"wp:term":[{"taxonomy":"category","embeddable":true,"href":"https:\/\/kanzlei-fahn.de\/en\/wp-json\/wp\/v2\/categories?post=11432"},{"taxonomy":"post_tag","embeddable":true,"href":"https:\/\/kanzlei-fahn.de\/en\/wp-json\/wp\/v2\/tags?post=11432"}],"curies":[{"name":"wp","href":"https:\/\/api.w.org\/{rel}","templated":true}]}}