{"id":11435,"date":"2024-07-01T00:00:00","date_gmt":"2024-06-30T22:00:00","guid":{"rendered":"https:\/\/kanzlei-fahn.de\/juli_2024-initiative_faster\/"},"modified":"2024-12-02T09:01:07","modified_gmt":"2024-12-02T08:01:07","slug":"juli_2024-initiative_faster","status":"publish","type":"post","link":"https:\/\/kanzlei-fahn.de\/en\/juli_2024-initiative_faster\/","title":{"rendered":"Initiative FASTER"},"content":{"rendered":"<p><img decoding=\"async\" src=\"https:\/\/kanzlei-fahn.de\/wp-content\/uploads\/Initiative_FASTER_V2_AdobeStock_181379251_gr_w500_h0_q80_jpg.jpg\" \/><\/p>\n<h2>Quellensteuern<\/h2>\n<p>Eink\u00fcnfte wie Dividenden, Zinsen usw. werden von vielen Mitgliedstaaten mit Quellensteuern belastet, wenn die Zahlungsempf\u00e4ngerin bzw. der Zahlungsempf\u00e4nger in einem anderen EU-Staat bzw. im Ausland ans\u00e4ssig ist. Ein Gro\u00dfteil davon ist im Regelfall auf die deutsche Abgeltungssteuer anrechenbar. Der nicht auf inl\u00e4ndische Steuern anrechenbare Teil muss \u00fcber schwierige, langwierige und aufwendige Quellensteuererstattungsverfahren beim jeweiligen Quellenstaat zur\u00fcckgeholt werden. Das soll nun einfacher werden.<\/p>\n<h2>Schnellverfahren<\/h2>\n<p>Die Europ\u00e4ische Kommission hat im Juni 2023 einen Vorschlag f\u00fcr eine Richtlinie \u00fcber schnellere und sicherere Verfahren f\u00fcr die Entlastung von \u00fcbersch\u00fcssigen Quellensteuern (FASTER-Richtlinie) vorgelegt. Der EU-Rat hat den Inhalt dieser Richtlinie nun genehmigt. Die Richtlinie sieht vor, dass die Mitgliedstaaten neue Verrechnungssysteme anwenden m\u00fcssen, wenn eine Entlastung von \u00fcbersch\u00fcssiger Quellensteuer auf Dividenden \u00f6ffentlich gehandelter Aktien gew\u00e4hrt wird. Die neuen Verfahren hei\u00dfen einerseits \u201eSteuererleichterung an der Quelle\u201c (soll hei\u00dfen, dass der entsprechende Steuersatz zum Zeitpunkt der Zahlung von Dividenden oder Zinsen angewandt wird) sowie andererseits \u201eSchnellerstattungssystem\u201c. Eine digitale EU-Bescheinigung \u00fcber die steuerliche Ans\u00e4ssigkeit (eTRC) ben\u00f6tigen Gl\u00e4ubigerinnen und Gl\u00e4ubiger der Kapitalertr\u00e4ge, die das neue Schnellverfahren zur Entlastung von der Quellensteuer in Anspruch nehmen wollen.<\/p>\n<p class=&quot;hide_creation_date&quot;>Stand: 26. Juni 2024<\/p>\n<div class=&quot;hide_image_author&quot;>\n<p>Bild: RioPatuca Image &#8211; stock.adobe.com<\/p>\n<\/div>\n","protected":false},"excerpt":{"rendered":"<p>EU-Rat macht Weg frei f\u00fcr ein schnelleres Verfahren zur Entlastung von Doppelbesteuerung<\/p>\n","protected":false},"author":1,"featured_media":0,"comment_status":"closed","ping_status":"closed","sticky":false,"template":"","format":"standard","meta":{"footnotes":""},"categories":[73],"tags":[],"class_list":["post-11435","post","type-post","status-publish","format-standard","hentry","category-steuernews"],"aioseo_notices":[],"_links":{"self":[{"href":"https:\/\/kanzlei-fahn.de\/en\/wp-json\/wp\/v2\/posts\/11435","targetHints":{"allow":["GET"]}}],"collection":[{"href":"https:\/\/kanzlei-fahn.de\/en\/wp-json\/wp\/v2\/posts"}],"about":[{"href":"https:\/\/kanzlei-fahn.de\/en\/wp-json\/wp\/v2\/types\/post"}],"author":[{"embeddable":true,"href":"https:\/\/kanzlei-fahn.de\/en\/wp-json\/wp\/v2\/users\/1"}],"replies":[{"embeddable":true,"href":"https:\/\/kanzlei-fahn.de\/en\/wp-json\/wp\/v2\/comments?post=11435"}],"version-history":[{"count":3,"href":"https:\/\/kanzlei-fahn.de\/en\/wp-json\/wp\/v2\/posts\/11435\/revisions"}],"predecessor-version":[{"id":11700,"href":"https:\/\/kanzlei-fahn.de\/en\/wp-json\/wp\/v2\/posts\/11435\/revisions\/11700"}],"wp:attachment":[{"href":"https:\/\/kanzlei-fahn.de\/en\/wp-json\/wp\/v2\/media?parent=11435"}],"wp:term":[{"taxonomy":"category","embeddable":true,"href":"https:\/\/kanzlei-fahn.de\/en\/wp-json\/wp\/v2\/categories?post=11435"},{"taxonomy":"post_tag","embeddable":true,"href":"https:\/\/kanzlei-fahn.de\/en\/wp-json\/wp\/v2\/tags?post=11435"}],"curies":[{"name":"wp","href":"https:\/\/api.w.org\/{rel}","templated":true}]}}