{"id":11441,"date":"2024-07-01T00:00:00","date_gmt":"2024-06-30T22:00:00","guid":{"rendered":"https:\/\/kanzlei-fahn.de\/juli_2024-buchfuehrungsdaten-schnittstelle\/"},"modified":"2024-12-02T09:01:08","modified_gmt":"2024-12-02T08:01:08","slug":"juli_2024-buchfuehrungsdaten-schnittstelle","status":"publish","type":"post","link":"https:\/\/kanzlei-fahn.de\/en\/juli_2024-buchfuehrungsdaten-schnittstelle\/","title":{"rendered":"Buchf\u00fchrungsdaten-Schnittstelle"},"content":{"rendered":"<p><img decoding=\"async\" src=\"https:\/\/kanzlei-fahn.de\/wp-content\/uploads\/Buchfuehrungsdaten-Schnittstelle_V2_AdobeStock_729447710_gr_w500_h0_q80_jpg.jpg\" \/><\/p>\n<h2>Datenschnittstelle<\/h2>\n<p>Die Finanzverwaltung plant die Einf\u00fchrung einer einheitlichen Schnittstelle f\u00fcr den Datenaustausch zwischen Unternehmen und der Betriebspr\u00fcfung. Das BMF hat hierzu einen Diskussionsentwurf f\u00fcr eine neue Buchf\u00fchrungsdatenschnittstellenverordnung vorgelegt. Mit Hilfe einheitlicher Standards sollen Betriebspr\u00fcfungen k\u00fcnftig beschleunigt werden und aufwendige Konvertierungsma\u00dfnahmen weitestgehend vermieden werden.<\/p>\n<h2>Hoher Aufwand<\/h2>\n<p>Die Neuregelung bedeutet f\u00fcr die Unternehmen voraussichtlich einen hohen technischen Umstellungsaufwand als auch hohe Kosten. Besonders brisant ist, dass die Finanzverwaltung die Beweiskraft der Buchf\u00fchrung schon allein deshalb in Frage stellen will, weil die Daten nicht nach der Vorgabe der einheitlichen Schnittstelle \u00fcbermittelt werden (k\u00f6nnen).<\/p>\n<p class=&quot;hide_creation_date&quot;>Stand: 26. Juni 2024<\/p>\n<div class=&quot;hide_image_author&quot;>\n<p>Bild: Day Of Victory Stu. &#8211; stock.adobe.com<\/p>\n<\/div>\n","protected":false},"excerpt":{"rendered":"<p>Diskussionsentwurf f\u00fcr neue Buchf\u00fchrungsdatenschnittstellenverordnung<\/p>\n","protected":false},"author":1,"featured_media":0,"comment_status":"closed","ping_status":"closed","sticky":false,"template":"","format":"standard","meta":{"footnotes":""},"categories":[73],"tags":[],"class_list":["post-11441","post","type-post","status-publish","format-standard","hentry","category-steuernews"],"aioseo_notices":[],"_links":{"self":[{"href":"https:\/\/kanzlei-fahn.de\/en\/wp-json\/wp\/v2\/posts\/11441","targetHints":{"allow":["GET"]}}],"collection":[{"href":"https:\/\/kanzlei-fahn.de\/en\/wp-json\/wp\/v2\/posts"}],"about":[{"href":"https:\/\/kanzlei-fahn.de\/en\/wp-json\/wp\/v2\/types\/post"}],"author":[{"embeddable":true,"href":"https:\/\/kanzlei-fahn.de\/en\/wp-json\/wp\/v2\/users\/1"}],"replies":[{"embeddable":true,"href":"https:\/\/kanzlei-fahn.de\/en\/wp-json\/wp\/v2\/comments?post=11441"}],"version-history":[{"count":3,"href":"https:\/\/kanzlei-fahn.de\/en\/wp-json\/wp\/v2\/posts\/11441\/revisions"}],"predecessor-version":[{"id":11704,"href":"https:\/\/kanzlei-fahn.de\/en\/wp-json\/wp\/v2\/posts\/11441\/revisions\/11704"}],"wp:attachment":[{"href":"https:\/\/kanzlei-fahn.de\/en\/wp-json\/wp\/v2\/media?parent=11441"}],"wp:term":[{"taxonomy":"category","embeddable":true,"href":"https:\/\/kanzlei-fahn.de\/en\/wp-json\/wp\/v2\/categories?post=11441"},{"taxonomy":"post_tag","embeddable":true,"href":"https:\/\/kanzlei-fahn.de\/en\/wp-json\/wp\/v2\/tags?post=11441"}],"curies":[{"name":"wp","href":"https:\/\/api.w.org\/{rel}","templated":true}]}}