{"id":11470,"date":"2024-08-01T00:00:00","date_gmt":"2024-07-31T22:00:00","guid":{"rendered":"https:\/\/kanzlei-fahn.de\/august_2024-weitere_buerokratieentlastung\/"},"modified":"2024-12-02T09:01:04","modified_gmt":"2024-12-02T08:01:04","slug":"august_2024-weitere_buerokratieentlastung","status":"publish","type":"post","link":"https:\/\/kanzlei-fahn.de\/en\/august_2024-weitere_buerokratieentlastung\/","title":{"rendered":"Weitere B\u00fcrokratieentlastung"},"content":{"rendered":"<p><img decoding=\"async\" src=\"https:\/\/kanzlei-fahn.de\/wp-content\/uploads\/AdobeStock_181434015_Weitere_Buerokratieentlastung_V2_gr_w500_h0_q80_jpg.jpg\" \/><\/p>\n<h2>B\u00fcrokratieentlastung<\/h2>\n<p>Die Bundesregierung will Unternehmerinnen und Unternehmer von B\u00fcrokratie entlasten. Das Bundesjustizministerium spricht von dem gr\u00f6\u00dften je geschn\u00fcrten Entlastungspaket. Das Volumen der Entlastung soll nach Regierungsangaben insgesamt \u00fcber \u20ac 3 Mrd. betragen und der B\u00fcrokratiekostenindex soll auf den niedrigsten Stand seit seiner Erhebung gedr\u00fcckt werden. Zu den bisherigen wesentlichen Entlastungspaketen z\u00e4hlen unter anderem die Verk\u00fcrzung von Aufbewahrungsfristen, diverse Ma\u00dfnahmen zum Abbau von Melde- und Informationspflichten oder die diversen Projekte zur Verwaltungsvereinfachung und Beschleunigung.<\/p>\n<h2>Neue Vorschl\u00e4ge<\/h2>\n<p>Die Bundesregierung hat in einer im Juni 2024 vorgelegten Formulierungshilfe weitere Ma\u00dfnahmen zur Abschaffung \u00fcbersch\u00fcssiger B\u00fcrokratie vorgeschlagen. Unter anderem sollen Arbeitgeberinnen und Arbeitgeber auch per E-Mail \u00fcber die Bedingungen ihrer Arbeitsvertr\u00e4ge informieren d\u00fcrfen und Altersgrenzenvereinbarungen treffen k\u00f6nnen. Damit k\u00f6nnen Abl\u00e4ufe in der Personalabteilung besser digitalisiert werden. Nur in besonders f\u00fcr Schwarzarbeit anf\u00e4lligen Branchen soll weiterhin die Papierform zwingend gelten.<\/p>\n<h2>Betriebsst\u00e4tten<\/h2>\n<p style=&quot;text-align: left;&quot;>Unternehmen, die ihre Betriebsst\u00e4tte in den \u00f6rtlichen Zust\u00e4ndigkeitsbereich einer anderen Gewerbebeh\u00f6rde verlegen, sollen sich k\u00fcnftig nicht mehr bei der bisherigen Beh\u00f6rde abmelden m\u00fcssen. Vielmehr soll die Neuanmeldung alleine gen\u00fcgen.<\/p>\n<p class=&quot;hide_creation_date&quot;>Stand: 28. Juli 2024<\/p>\n<div class=&quot;hide_image_author&quot;>\n<p>Bild: stokkete \/ stock.adobe.com<\/p>\n<\/div>\n","protected":false},"excerpt":{"rendered":"<p>Erg\u00e4nzungen zum Vierten B\u00fcrokratieentlastungsgesetz<\/p>\n","protected":false},"author":1,"featured_media":0,"comment_status":"closed","ping_status":"closed","sticky":false,"template":"","format":"standard","meta":{"footnotes":""},"categories":[73],"tags":[],"class_list":["post-11470","post","type-post","status-publish","format-standard","hentry","category-steuernews"],"aioseo_notices":[],"_links":{"self":[{"href":"https:\/\/kanzlei-fahn.de\/en\/wp-json\/wp\/v2\/posts\/11470","targetHints":{"allow":["GET"]}}],"collection":[{"href":"https:\/\/kanzlei-fahn.de\/en\/wp-json\/wp\/v2\/posts"}],"about":[{"href":"https:\/\/kanzlei-fahn.de\/en\/wp-json\/wp\/v2\/types\/post"}],"author":[{"embeddable":true,"href":"https:\/\/kanzlei-fahn.de\/en\/wp-json\/wp\/v2\/users\/1"}],"replies":[{"embeddable":true,"href":"https:\/\/kanzlei-fahn.de\/en\/wp-json\/wp\/v2\/comments?post=11470"}],"version-history":[{"count":3,"href":"https:\/\/kanzlei-fahn.de\/en\/wp-json\/wp\/v2\/posts\/11470\/revisions"}],"predecessor-version":[{"id":11676,"href":"https:\/\/kanzlei-fahn.de\/en\/wp-json\/wp\/v2\/posts\/11470\/revisions\/11676"}],"wp:attachment":[{"href":"https:\/\/kanzlei-fahn.de\/en\/wp-json\/wp\/v2\/media?parent=11470"}],"wp:term":[{"taxonomy":"category","embeddable":true,"href":"https:\/\/kanzlei-fahn.de\/en\/wp-json\/wp\/v2\/categories?post=11470"},{"taxonomy":"post_tag","embeddable":true,"href":"https:\/\/kanzlei-fahn.de\/en\/wp-json\/wp\/v2\/tags?post=11470"}],"curies":[{"name":"wp","href":"https:\/\/api.w.org\/{rel}","templated":true}]}}