{"id":11473,"date":"2024-08-01T00:00:00","date_gmt":"2024-07-31T22:00:00","guid":{"rendered":"https:\/\/kanzlei-fahn.de\/august_2024-einkommen-_und_erbschaftsteuer\/"},"modified":"2024-12-02T09:01:04","modified_gmt":"2024-12-02T08:01:04","slug":"august_2024-einkommen-_und_erbschaftsteuer","status":"publish","type":"post","link":"https:\/\/kanzlei-fahn.de\/en\/august_2024-einkommen-_und_erbschaftsteuer\/","title":{"rendered":"Einkommen- und Erbschaftsteuer"},"content":{"rendered":"<p><img decoding=\"async\" src=\"https:\/\/kanzlei-fahn.de\/wp-content\/uploads\/AdobeStock_708019506_Einkommen-_und_Erbschaftsteuer_V2_gr_w500_h0_q80_jpg.jpg\" \/><\/p>\n<h2>Einkommensteuererm\u00e4\u00dfigung<\/h2>\n<p>Werden geerbte Verm\u00f6gensgegenst\u00e4nde ver\u00e4u\u00dfert, f\u00e4llt nicht selten neben der Erbschaftsteuer auch Einkommensteuer an. \u00a7 35b Einkommensteuergesetz\/EStG sieht hierf\u00fcr auf Antrag eine Einkommensteuererm\u00e4\u00dfigung nach einem bestimmten Prozentsatz vor. Der Erm\u00e4\u00dfigung unterliegen dabei Eink\u00fcnfte, die im betreffenden Veranlagungszeitraum oder in den vorangegangenen vier Veranlagungszeitr\u00e4umen (also innerhalb von f\u00fcnf Jahren) als Erwerb von Todes wegen der Erbschaftsteuer unterlegen haben. Streitig war bisher, wann der Beg\u00fcnstigungszeitraum im Einzelfall beginnt.<\/p>\n<h2>BFH-Entscheidung<\/h2>\n<p>Der Bundesfinanzhof\/BFH hat in einem Fall, betreffend die einkommensteuerpflichtige Ver\u00e4u\u00dferung von Kommanditgesellschaftsbeteiligungen, entschieden, dass der ma\u00dfgebliche Beg\u00fcnstigungszeitraum mit dem Tod des Erblassers beginnt (Urteil vom 28.11.2023, X R 20\/21, ver\u00f6ffentlicht am 2.5.2024). Im Streitfall fand die Ver\u00e4u\u00dferung sechs Jahre nach dem Erbfall statt, war also au\u00dferhalb des Beg\u00fcnstigungszeitraumes.<\/p>\n<h2>Doppelbelastung zul\u00e4ssig<\/h2>\n<p>Der BFH betonte in dem Urteil au\u00dferdem, dass eine Doppelbelastung von Erbschaftsteuer und Einkommensteuer weder den Gleichbehandlungsgrundsatz verletzt noch eine etwaige verfassungsrechtlich zu beachtende Belastungsgrenze \u00fcberschreitet. Die Beg\u00fcnstigungsvorschrift greift im \u00dcbrigen nur bei Erbschaften, nicht bei Schenkungen.<\/p>\n<p class=&quot;hide_creation_date&quot;>Stand: 28. Juli 2024<\/p>\n<div class=&quot;hide_image_author&quot;>\n<p>Bild: Bussarin \/ stock.adobe.com<\/p>\n<\/div>\n","protected":false},"excerpt":{"rendered":"<p>BFH-Urteil zur Bestimmung des ma\u00dfgeblichen Beg\u00fcnstigungszeitraumes<\/p>\n","protected":false},"author":1,"featured_media":0,"comment_status":"closed","ping_status":"closed","sticky":false,"template":"","format":"standard","meta":{"footnotes":""},"categories":[73],"tags":[],"class_list":["post-11473","post","type-post","status-publish","format-standard","hentry","category-steuernews"],"aioseo_notices":[],"_links":{"self":[{"href":"https:\/\/kanzlei-fahn.de\/en\/wp-json\/wp\/v2\/posts\/11473","targetHints":{"allow":["GET"]}}],"collection":[{"href":"https:\/\/kanzlei-fahn.de\/en\/wp-json\/wp\/v2\/posts"}],"about":[{"href":"https:\/\/kanzlei-fahn.de\/en\/wp-json\/wp\/v2\/types\/post"}],"author":[{"embeddable":true,"href":"https:\/\/kanzlei-fahn.de\/en\/wp-json\/wp\/v2\/users\/1"}],"replies":[{"embeddable":true,"href":"https:\/\/kanzlei-fahn.de\/en\/wp-json\/wp\/v2\/comments?post=11473"}],"version-history":[{"count":3,"href":"https:\/\/kanzlei-fahn.de\/en\/wp-json\/wp\/v2\/posts\/11473\/revisions"}],"predecessor-version":[{"id":11678,"href":"https:\/\/kanzlei-fahn.de\/en\/wp-json\/wp\/v2\/posts\/11473\/revisions\/11678"}],"wp:attachment":[{"href":"https:\/\/kanzlei-fahn.de\/en\/wp-json\/wp\/v2\/media?parent=11473"}],"wp:term":[{"taxonomy":"category","embeddable":true,"href":"https:\/\/kanzlei-fahn.de\/en\/wp-json\/wp\/v2\/categories?post=11473"},{"taxonomy":"post_tag","embeddable":true,"href":"https:\/\/kanzlei-fahn.de\/en\/wp-json\/wp\/v2\/tags?post=11473"}],"curies":[{"name":"wp","href":"https:\/\/api.w.org\/{rel}","templated":true}]}}