{"id":11479,"date":"2024-08-01T00:00:00","date_gmt":"2024-07-31T22:00:00","guid":{"rendered":"https:\/\/kanzlei-fahn.de\/august_2024-zustellung_von_verwaltungsakten\/"},"modified":"2024-12-02T09:01:04","modified_gmt":"2024-12-02T08:01:04","slug":"august_2024-zustellung_von_verwaltungsakten","status":"publish","type":"post","link":"https:\/\/kanzlei-fahn.de\/en\/august_2024-zustellung_von_verwaltungsakten\/","title":{"rendered":"Zustellung von Verwaltungsakten"},"content":{"rendered":"<p><img decoding=\"async\" src=\"https:\/\/kanzlei-fahn.de\/wp-content\/uploads\/AdobeStock_456352799_Zustellung_von_Verwaltungsakten_V2_gr_w500_h0_q80_jpg-1.jpg\" \/><\/p>\n<h2>Postrechtsmodernisierungsgesetz<\/h2>\n<p>Mit dem Gesetz zur Modernisierung des Postrechts vom 18.7.2024 (ver\u00f6ffentlicht im BGBl 2024 I Nr. 236) wurde das alte Gesetz von 1997 erneuert. Ziel des neuen Postrechtsmodernisierungsgesetzes ist, die Briefportopreise erschwinglich und deutlich unter dem europ\u00e4ischen Durchschnitt zu halten. Dar\u00fcber hinaus soll eine fl\u00e4chendeckende Versorgung an sechs Tagen in der Woche weiter gew\u00e4hrleistet werden.<\/p>\n<h2>Verl\u00e4ngerung der Zustellzeiten<\/h2>\n<p>Wesentlicher Punkt der Gesetzesnovelle bildet die Verl\u00e4ngerung der Zustellzeiten. Bisher mussten 80 Prozent der Briefe am folgenden Werktag und 95 Prozent am zweiten Werktag zugestellt werden. Nach dem neuen Gesetz m\u00fcssen Standardbriefsendungen zu 95 Prozent am dritten Werktag und zu 99 Prozent am vierten Werktag beim Empf\u00e4nger sein.\u00a0 Die 95-prozentige Zustellung verschiebt sich also um einen Tag vom dritten auf den vierten Tag.<\/p>\n<h2>Auswirkung auf Steuerverwaltungsakte<\/h2>\n<p>Die Postreform hat auch Auswirkungen auf den Zeitpunkt der Bekanntgabe von Steuerverwaltungsakten. Ein Verwaltungsakt wird erst mit Bekanntgabe wirksam und verbindlich. Als Steuerbescheid gilt erst ein nach \u00a7 122 Abs. 1 Abgabenordnung\/AO bekannt gegebener Verwaltungsakt (\u00a7 155 Abs. 1 Satz 2 AO).<\/p>\n<h2>Bekanntgabefiktion<\/h2>\n<p>Bisher fingierte die Abgabenordnung\/AO im Fall der \u00dcbermittlung schriftlicher Verwaltungsakte durch die Post einen Bekanntgabezeitpunkt von drei Tagen ab Erlassdatum des Verwaltungsaktes (f\u00fcr Auslandszustellungen gilt ein Monat). Die Bekanntgabefiktion von drei Werktagen wird ab 1.1. 2025 auf vier Werktage verl\u00e4ngert (\u00a7 122 Abs. 2 Nr. 1 und Abs. 2a sowie \u00a7 122a Abs. 4 Satz 1 Abgabenordnung\/AO).<\/p>\n<p class=&quot;hide_creation_date&quot;>Stand: 22. August 2024<\/p>\n<div class=&quot;hide_image_author&quot;>\n<p>Bild: Wiski \/ stock.adobe.com<\/p>\n<\/div>\n","protected":false},"excerpt":{"rendered":"<p>Verl\u00e4ngerung der Zustellungsfiktion<\/p>\n","protected":false},"author":1,"featured_media":0,"comment_status":"closed","ping_status":"closed","sticky":false,"template":"","format":"standard","meta":{"footnotes":""},"categories":[73],"tags":[],"class_list":["post-11479","post","type-post","status-publish","format-standard","hentry","category-steuernews"],"aioseo_notices":[],"_links":{"self":[{"href":"https:\/\/kanzlei-fahn.de\/en\/wp-json\/wp\/v2\/posts\/11479","targetHints":{"allow":["GET"]}}],"collection":[{"href":"https:\/\/kanzlei-fahn.de\/en\/wp-json\/wp\/v2\/posts"}],"about":[{"href":"https:\/\/kanzlei-fahn.de\/en\/wp-json\/wp\/v2\/types\/post"}],"author":[{"embeddable":true,"href":"https:\/\/kanzlei-fahn.de\/en\/wp-json\/wp\/v2\/users\/1"}],"replies":[{"embeddable":true,"href":"https:\/\/kanzlei-fahn.de\/en\/wp-json\/wp\/v2\/comments?post=11479"}],"version-history":[{"count":5,"href":"https:\/\/kanzlei-fahn.de\/en\/wp-json\/wp\/v2\/posts\/11479\/revisions"}],"predecessor-version":[{"id":11682,"href":"https:\/\/kanzlei-fahn.de\/en\/wp-json\/wp\/v2\/posts\/11479\/revisions\/11682"}],"wp:attachment":[{"href":"https:\/\/kanzlei-fahn.de\/en\/wp-json\/wp\/v2\/media?parent=11479"}],"wp:term":[{"taxonomy":"category","embeddable":true,"href":"https:\/\/kanzlei-fahn.de\/en\/wp-json\/wp\/v2\/categories?post=11479"},{"taxonomy":"post_tag","embeddable":true,"href":"https:\/\/kanzlei-fahn.de\/en\/wp-json\/wp\/v2\/tags?post=11479"}],"curies":[{"name":"wp","href":"https:\/\/api.w.org\/{rel}","templated":true}]}}