{"id":11485,"date":"2024-08-01T00:00:00","date_gmt":"2024-07-31T22:00:00","guid":{"rendered":"https:\/\/kanzlei-fahn.de\/august_2024-datensammlung_steuer_2024\/"},"modified":"2024-12-02T09:01:04","modified_gmt":"2024-12-02T08:01:04","slug":"august_2024-datensammlung_steuer_2024","status":"publish","type":"post","link":"https:\/\/kanzlei-fahn.de\/en\/august_2024-datensammlung_steuer_2024\/","title":{"rendered":"Datensammlung Steuer 2024"},"content":{"rendered":"<p><img decoding=\"async\" src=\"https:\/\/kanzlei-fahn.de\/wp-content\/uploads\/AdobeStock_811931255_Datensammlung_Steuer_2024_V2_gr_w500_h0_q80_jpg-1.jpg\" \/><\/p>\n<h2>Steuerstatistik<\/h2>\n<p>Das Bundesfinanzministerium hat eine neue 92-seitige Brosch\u00fcre \u201eDatensammlung zur Steuerpolitik 2024\u201c auf der Homepage www.bundesfinanzministerium.de zum Download zur Verf\u00fcgung gestellt. Die Brosch\u00fcre bietet u. a. einen guten \u00dcberblick \u00fcber das Steueraufkommen, r\u00fcckblickend bis 1960. Aus der \u00dcbersicht \u201eVerh\u00e4ltnis direkte und indirekte Steuern\u201c ist der rasante Anstieg des Steueraufkommens seit 1995 deutlich sichtbar. Deutlich wird auch, dass ab 2025 die Billionengrenze \u00fcberschritten wird.<\/p>\n<h2>Erbschaftsteuer<\/h2>\n<p>Aufschl\u00fcsse \u00fcber das stetig steigende Erbverm\u00f6gen geben die aktuellen Zahlen zur Erbschaftsteuerstatistik. So wuchs das Volumen der veranlagten Verm\u00f6gens\u00fcbertragungen von \u20ac 21,48 Mrd. in 2009 auf \u20ac 59,87 Mrd. in 2022. Im gleichen Zeitraum stieg die Anzahl der verg\u00fcnstigten Unternehmens\u00fcbertragungen von 15131 auf 25511.<\/p>\n<p class=&quot;hide_creation_date&quot;>Stand: 28. Juli 2024<\/p>\n<div class=&quot;hide_image_author&quot;>\n<p>Bild: Lucas \/ stock.adobe.com<\/p>\n<\/div>\n","protected":false},"excerpt":{"rendered":"<p>Bundesfinanzministerium ver\u00f6ffentlicht umfangreiche Datensammlung<\/p>\n","protected":false},"author":1,"featured_media":0,"comment_status":"closed","ping_status":"closed","sticky":false,"template":"","format":"standard","meta":{"footnotes":""},"categories":[73],"tags":[],"class_list":["post-11485","post","type-post","status-publish","format-standard","hentry","category-steuernews"],"aioseo_notices":[],"_links":{"self":[{"href":"https:\/\/kanzlei-fahn.de\/en\/wp-json\/wp\/v2\/posts\/11485","targetHints":{"allow":["GET"]}}],"collection":[{"href":"https:\/\/kanzlei-fahn.de\/en\/wp-json\/wp\/v2\/posts"}],"about":[{"href":"https:\/\/kanzlei-fahn.de\/en\/wp-json\/wp\/v2\/types\/post"}],"author":[{"embeddable":true,"href":"https:\/\/kanzlei-fahn.de\/en\/wp-json\/wp\/v2\/users\/1"}],"replies":[{"embeddable":true,"href":"https:\/\/kanzlei-fahn.de\/en\/wp-json\/wp\/v2\/comments?post=11485"}],"version-history":[{"count":5,"href":"https:\/\/kanzlei-fahn.de\/en\/wp-json\/wp\/v2\/posts\/11485\/revisions"}],"predecessor-version":[{"id":11686,"href":"https:\/\/kanzlei-fahn.de\/en\/wp-json\/wp\/v2\/posts\/11485\/revisions\/11686"}],"wp:attachment":[{"href":"https:\/\/kanzlei-fahn.de\/en\/wp-json\/wp\/v2\/media?parent=11485"}],"wp:term":[{"taxonomy":"category","embeddable":true,"href":"https:\/\/kanzlei-fahn.de\/en\/wp-json\/wp\/v2\/categories?post=11485"},{"taxonomy":"post_tag","embeddable":true,"href":"https:\/\/kanzlei-fahn.de\/en\/wp-json\/wp\/v2\/tags?post=11485"}],"curies":[{"name":"wp","href":"https:\/\/api.w.org\/{rel}","templated":true}]}}