{"id":11488,"date":"2024-08-01T00:00:00","date_gmt":"2024-07-31T22:00:00","guid":{"rendered":"https:\/\/kanzlei-fahn.de\/august_2024-zweitwohnungssteuer\/"},"modified":"2024-12-02T09:01:04","modified_gmt":"2024-12-02T08:01:04","slug":"august_2024-zweitwohnungssteuer","status":"publish","type":"post","link":"https:\/\/kanzlei-fahn.de\/en\/august_2024-zweitwohnungssteuer\/","title":{"rendered":"Zweitwohnungssteuer"},"content":{"rendered":"<p><img decoding=\"async\" src=\"https:\/\/kanzlei-fahn.de\/wp-content\/uploads\/AdobeStock_238701063_Zweitwohnungssteuer_V2_gr_w500_h0_q80_jpg-1.jpg\" \/><\/p>\n<h2>Der Fall<\/h2>\n<p>Ein Steuerpflichtiger mietete eine Zweitwohnung in M\u00fcnchen. Die Zweitwohnungssteuer wollte er zus\u00e4tzlich zu den der Abzugsbeschr\u00e4nkung unterliegenden Mehraufwendungen geltend machen. Nach \u00a7 9 Abs. 1 Satz 3 Nr. 5 Satz 4 des Einkommensteuergesetzes\/EStG unterliegen Aufwendungen f\u00fcr die Nutzung der Zweitwohnung (Miete, Mietnebenkosten usw.) einer Abzugsbeschr\u00e4nkung von \u20ac 1.000,00 im Monat.<\/p>\n<h2>BFH-Urteil<\/h2>\n<p>Der Bundesfinanzhof\/BFH hat entschieden, dass die Zweitwohnungssteuer generell zu den Aufwendungen f\u00fcr die Nutzung z\u00e4hlen und daher unter die Abzugsbeschr\u00e4nkung fallen (Urteil vom 13.12.2023, VI R 30\/21, ver\u00f6ffentlicht am 4.4.2024).<\/p>\n<p class=&quot;hide_creation_date&quot;>Stand: 28. Juli 2024<\/p>\n<div class=&quot;hide_image_author&quot;>\n<p>Bild: 418studio \/ stock.adobe.com<\/p>\n<\/div>\n","protected":false},"excerpt":{"rendered":"<p>Zweitwohnungssteuer unterf\u00e4llt der Abzugsbeschr\u00e4nkung f\u00fcr doppelte Haushaltsf\u00fchrung<\/p>\n","protected":false},"author":1,"featured_media":0,"comment_status":"closed","ping_status":"closed","sticky":false,"template":"","format":"standard","meta":{"footnotes":""},"categories":[73],"tags":[],"class_list":["post-11488","post","type-post","status-publish","format-standard","hentry","category-steuernews"],"aioseo_notices":[],"_links":{"self":[{"href":"https:\/\/kanzlei-fahn.de\/en\/wp-json\/wp\/v2\/posts\/11488","targetHints":{"allow":["GET"]}}],"collection":[{"href":"https:\/\/kanzlei-fahn.de\/en\/wp-json\/wp\/v2\/posts"}],"about":[{"href":"https:\/\/kanzlei-fahn.de\/en\/wp-json\/wp\/v2\/types\/post"}],"author":[{"embeddable":true,"href":"https:\/\/kanzlei-fahn.de\/en\/wp-json\/wp\/v2\/users\/1"}],"replies":[{"embeddable":true,"href":"https:\/\/kanzlei-fahn.de\/en\/wp-json\/wp\/v2\/comments?post=11488"}],"version-history":[{"count":5,"href":"https:\/\/kanzlei-fahn.de\/en\/wp-json\/wp\/v2\/posts\/11488\/revisions"}],"predecessor-version":[{"id":11688,"href":"https:\/\/kanzlei-fahn.de\/en\/wp-json\/wp\/v2\/posts\/11488\/revisions\/11688"}],"wp:attachment":[{"href":"https:\/\/kanzlei-fahn.de\/en\/wp-json\/wp\/v2\/media?parent=11488"}],"wp:term":[{"taxonomy":"category","embeddable":true,"href":"https:\/\/kanzlei-fahn.de\/en\/wp-json\/wp\/v2\/categories?post=11488"},{"taxonomy":"post_tag","embeddable":true,"href":"https:\/\/kanzlei-fahn.de\/en\/wp-json\/wp\/v2\/tags?post=11488"}],"curies":[{"name":"wp","href":"https:\/\/api.w.org\/{rel}","templated":true}]}}