{"id":11492,"date":"2024-09-01T00:00:00","date_gmt":"2024-08-31T22:00:00","guid":{"rendered":"https:\/\/kanzlei-fahn.de\/september_2024-steuertarif_2025\/"},"modified":"2024-12-02T09:01:02","modified_gmt":"2024-12-02T08:01:02","slug":"september_2024-steuertarif_2025","status":"publish","type":"post","link":"https:\/\/kanzlei-fahn.de\/en\/september_2024-steuertarif_2025\/","title":{"rendered":"Steuertarif 2025"},"content":{"rendered":"<p><img decoding=\"async\" src=\"https:\/\/kanzlei-fahn.de\/wp-content\/uploads\/AdobeStock_818481284_Steuertarif_2025_V2_w500_h0_q80_jpg.jpg\" \/><\/p>\n<h2>Steuertarif<\/h2>\n<p>Der Einkommensteuer-Grundfreibetrag steigt nach dem Gesetzentwurf f\u00fcr ein Steuerfortentwicklungsgesetz ab 2025 um \u20ac 300,00 auf \u20ac 12.084,00 und f\u00fcr 2026 um \u20ac 252,00 auf \u20ac 12.336,00. Nach Angaben aus dem Referentenentwurf geht der Gesetzgeber dabei \u00fcber die voraussichtlichen Ergebnisse des im Herbst 2024 zu erwartenden 15. Existenzminimumberichts hinaus. Ziel ist es, einen Ausgleich f\u00fcr die kalte Progression zu schaffen. Die \u00fcbrigen Eckwerte des Einkommensteuertarifs werden nach rechts verschoben. Die erste Tarifstufe 2025 beginnt bei \u20ac 12.085,00 (bisher \u20ac 11.604,00) und endet bei \u20ac 17.430,00 (bisher \u20ac 17.005,00). Der Spitzensteuersatz von 42 Prozent startet ab 2025 bei einem zu versteuernden Einkommen von \u20ac 68.430,00 (bisher \u20ac 66.761,00) und endet bei einem Einkommen von \u20ac 277.825,00. Die Tarifstufen der sogenannten \u201eReichensteuer\u201c mit einem Steuersatz von 45 Prozent bleiben mit \u20ac 277.826,00 unver\u00e4ndert. F\u00fcr zusammen veranlagte Ehegatten gelten jeweils die doppelten Betr\u00e4ge.<\/p>\n<h2>Solidarit\u00e4tszuschlag<\/h2>\n<p>Analog werden die Freigrenzen f\u00fcr den Solidarit\u00e4tszuschlag angehoben. Zusammen veranlagte Ehegatten oder Lebenspartner zahlen ab 2025 erst ab einer Einkommensteuer von \u20ac 39.900,00 (bisher \u20ac 36.260,00) einen Solizuschlag. F\u00fcr Einzelveranlagte gilt ein Mindestbetrag von \u20ac 19.450,00 (bisher \u20ac 18.130,00).<\/p>\n<p class=&quot;hide_creation_date&quot;>Stand: 27. August 2024<\/p>\n<div class=&quot;hide_image_author&quot;>\n<p>Bild: weyo \/ stock.adobe.com<\/p>\n<\/div>\n","protected":false},"excerpt":{"rendered":"<p>Grundfreibetrag bei Einkommensteuer steigt 2025 um \u20ac 300,00<\/p>\n","protected":false},"author":1,"featured_media":0,"comment_status":"closed","ping_status":"closed","sticky":false,"template":"","format":"standard","meta":{"footnotes":""},"categories":[73],"tags":[],"class_list":["post-11492","post","type-post","status-publish","format-standard","hentry","category-steuernews"],"aioseo_notices":[],"_links":{"self":[{"href":"https:\/\/kanzlei-fahn.de\/en\/wp-json\/wp\/v2\/posts\/11492","targetHints":{"allow":["GET"]}}],"collection":[{"href":"https:\/\/kanzlei-fahn.de\/en\/wp-json\/wp\/v2\/posts"}],"about":[{"href":"https:\/\/kanzlei-fahn.de\/en\/wp-json\/wp\/v2\/types\/post"}],"author":[{"embeddable":true,"href":"https:\/\/kanzlei-fahn.de\/en\/wp-json\/wp\/v2\/users\/1"}],"replies":[{"embeddable":true,"href":"https:\/\/kanzlei-fahn.de\/en\/wp-json\/wp\/v2\/comments?post=11492"}],"version-history":[{"count":3,"href":"https:\/\/kanzlei-fahn.de\/en\/wp-json\/wp\/v2\/posts\/11492\/revisions"}],"predecessor-version":[{"id":11658,"href":"https:\/\/kanzlei-fahn.de\/en\/wp-json\/wp\/v2\/posts\/11492\/revisions\/11658"}],"wp:attachment":[{"href":"https:\/\/kanzlei-fahn.de\/en\/wp-json\/wp\/v2\/media?parent=11492"}],"wp:term":[{"taxonomy":"category","embeddable":true,"href":"https:\/\/kanzlei-fahn.de\/en\/wp-json\/wp\/v2\/categories?post=11492"},{"taxonomy":"post_tag","embeddable":true,"href":"https:\/\/kanzlei-fahn.de\/en\/wp-json\/wp\/v2\/tags?post=11492"}],"curies":[{"name":"wp","href":"https:\/\/api.w.org\/{rel}","templated":true}]}}