{"id":11501,"date":"2024-09-01T00:00:00","date_gmt":"2024-08-31T22:00:00","guid":{"rendered":"https:\/\/kanzlei-fahn.de\/september_2024-grunderwerbsteuerfalle_beim_grundstueckskauf\/"},"modified":"2024-12-02T09:01:03","modified_gmt":"2024-12-02T08:01:03","slug":"september_2024-grunderwerbsteuerfalle_beim_grundstueckskauf","status":"publish","type":"post","link":"https:\/\/kanzlei-fahn.de\/en\/september_2024-grunderwerbsteuerfalle_beim_grundstueckskauf\/","title":{"rendered":"Grunderwerbsteuerfalle beim Grundst\u00fcckskauf"},"content":{"rendered":"<p><img decoding=\"async\" src=\"https:\/\/kanzlei-fahn.de\/wp-content\/uploads\/AdobeStock_334377797_Grunderwerbsteuerfalle_beim_Grundstueckskauf_V2_w500_h0_q80_jpg.jpg\" \/><\/p>\n<h2>Grunderwerbsteuer<\/h2>\n<p>Der Grunderwerbsteuer unterliegen u. a. Grundst\u00fccksk\u00e4ufe (\u00a7 1 Grunderwerbsteuergesetz\/GrEStG). Bemessungsgrundlage f\u00fcr die Steuer ist der \u201eWert der Gegenleistung\u201c (\u00a7 8 Abs. 1 GrEStG). Als Gegenleistung wird bei einem Grundst\u00fcckskauf der Kaufpreis, \u201eeinschlie\u00dflich der vom K\u00e4ufer \u00fcbernommenen sonstigen Leistungen und der dem Verk\u00e4ufer vorbehaltenen Nutzungen\u201c, genannt (\u00a7 9 GrEStG).<\/p>\n<h2>Vorsicht Reservierungsvereinbarung<\/h2>\n<p>Im Streitfall hat ein Ehepaar im Zusammenhang mit dem Kauf eines unbebauten Grundst\u00fccks mit einer im Verkaufsprozess involvierten Projektierungsgesellschaft eine Reservierungsvereinbarung geschlossen, in der die Errichtung eines bestimmten Haustyps durch einen dritten Bautr\u00e4ger angedacht war. Dieser Bautr\u00e4ger stellte f\u00fcr die Kl\u00e4ger den Bauantrag und erteilte den K\u00e4ufern eine als \u201eAngebot\u201c bezeichnete Leistungsbeschreibung, die nicht unterschrieben war. Die K\u00e4ufer schlossen den Vertrag ein Jahr sp\u00e4ter und lie\u00dfen das Grundst\u00fcck bebauen. Das Finanzamt bezog die Baukosten in die Bemessungsgrundlage f\u00fcr die Grunderwerbsteuer mit ein. Die Revision beim Bundesfinanzhof hatte keinen Erfolg.<\/p>\n<h2>BFH-Urteil<\/h2>\n<p>Mit Beschluss vom 7.2.2022 (II B 6\/21) best\u00e4tigte der Bundesfinanzhof\/BFH seine Rechtsansicht aus dem Urteil vom 1.10.2014 (II R 32\/13). Nach Auffassung des BFH erfordert die Notwendigkeit eines objektiv sachlichen Zusammenhangs zwischen Grundst\u00fcckskaufvertrag und Bauvertrag bei Abschluss des Grundst\u00fcckskaufvertrags nicht, dass zu diesem Zeitpunkt auch der Bauvertrag abgeschlossen und die Bauverpflichtung rechtswirksam begr\u00fcndet ist. Auch muss ein vorhandenes Angebot keine rechtlichen Mindestvoraussetzungen erf\u00fcllen, so der BFH.<\/p>\n<h2>Fazit<\/h2>\n<p>Um die Einbindung der Baukosten bei der Grunderwerbsteuerbemessung f\u00fcr den Kauf eines unbebauten Grundst\u00fccks zu vermeiden, ist ein Zusammenhang zwischen dem Kauf- und einem zu einem sp\u00e4teren Zeitpunkt noch abzuschlie\u00dfenden Bauvertrag im Zeitpunkt des Grundst\u00fcckskaufs unbedingt zu vermeiden. Es d\u00fcrfen im Kaufzeitpunkt des unbebauten Grundst\u00fccks keine Indizien f\u00fcr einen einheitlichen Erwerbsgegenstand \u201eGrundst\u00fcck plus Geb\u00e4ude\u201c bestehen.<\/p>\n<p class=&quot;hide_creation_date&quot;>Stand: 27. August 2024<\/p>\n<div class=&quot;hide_image_author&quot;>\n<p>Bild: Steve \/ stock.adobe.com<\/p>\n<\/div>\n","protected":false},"excerpt":{"rendered":"<p>BFH best\u00e4tigt seine bisherige Rechtsprechung in einem neueren Beschluss<\/p>\n","protected":false},"author":1,"featured_media":0,"comment_status":"closed","ping_status":"closed","sticky":false,"template":"","format":"standard","meta":{"footnotes":""},"categories":[73],"tags":[],"class_list":["post-11501","post","type-post","status-publish","format-standard","hentry","category-steuernews"],"aioseo_notices":[],"_links":{"self":[{"href":"https:\/\/kanzlei-fahn.de\/en\/wp-json\/wp\/v2\/posts\/11501","targetHints":{"allow":["GET"]}}],"collection":[{"href":"https:\/\/kanzlei-fahn.de\/en\/wp-json\/wp\/v2\/posts"}],"about":[{"href":"https:\/\/kanzlei-fahn.de\/en\/wp-json\/wp\/v2\/types\/post"}],"author":[{"embeddable":true,"href":"https:\/\/kanzlei-fahn.de\/en\/wp-json\/wp\/v2\/users\/1"}],"replies":[{"embeddable":true,"href":"https:\/\/kanzlei-fahn.de\/en\/wp-json\/wp\/v2\/comments?post=11501"}],"version-history":[{"count":3,"href":"https:\/\/kanzlei-fahn.de\/en\/wp-json\/wp\/v2\/posts\/11501\/revisions"}],"predecessor-version":[{"id":11664,"href":"https:\/\/kanzlei-fahn.de\/en\/wp-json\/wp\/v2\/posts\/11501\/revisions\/11664"}],"wp:attachment":[{"href":"https:\/\/kanzlei-fahn.de\/en\/wp-json\/wp\/v2\/media?parent=11501"}],"wp:term":[{"taxonomy":"category","embeddable":true,"href":"https:\/\/kanzlei-fahn.de\/en\/wp-json\/wp\/v2\/categories?post=11501"},{"taxonomy":"post_tag","embeddable":true,"href":"https:\/\/kanzlei-fahn.de\/en\/wp-json\/wp\/v2\/tags?post=11501"}],"curies":[{"name":"wp","href":"https:\/\/api.w.org\/{rel}","templated":true}]}}