{"id":11507,"date":"2024-09-01T00:00:00","date_gmt":"2024-08-31T22:00:00","guid":{"rendered":"https:\/\/kanzlei-fahn.de\/september_2024-vorsteuer-rueckerstattungsantraege\/"},"modified":"2025-04-01T08:28:21","modified_gmt":"2025-04-01T06:28:21","slug":"september_2024-vorsteuer-rueckerstattungsantraege","status":"publish","type":"post","link":"https:\/\/kanzlei-fahn.de\/en\/september_2024-vorsteuer-rueckerstattungsantraege\/","title":{"rendered":"Vorsteuer-R\u00fcckerstattungsantr\u00e4ge"},"content":{"rendered":"<p><img decoding=\"async\" src=\"https:\/\/kanzlei-fahn.de\/wp-content\/uploads\/AdobeStock_316069842_Vorsteuer-Rueckerstattungsantraege_V2_w500_h0_q80_jpg-3.jpg\" \/><\/p>\n<h2>Vorsteuererstattungen<\/h2>\n<p>Deutsche Unternehmerinnen und Unternehmer, die zum Vorsteuerabzug berechtigt sind, k\u00f6nnen sich die f\u00fcr betriebliche Aufwendungen in einem anderen EU-Mitgliedstaat gezahlte Umsatzsteuer erstatten lassen. Antr\u00e4ge sind ausschlie\u00dflich elektronisch im BZStOnline-Portal\/BOP beim Bundeszentralamt f\u00fcr Steuern\/BZSt zu stellen. Dem Antrag sind im Regelfall Belege beizuf\u00fcgen. Bei einem Verg\u00fctungszeitraum, welcher das Kalenderjahr ist, muss die beantragte Verg\u00fctung mindestens \u20ac 50,00 betragen.<\/p>\n<h2>Tankquittungen aus \u00d6sterreich<\/h2>\n<p>Kein Recht auf Vorsteuererstattung haben deutsche Unternehmen bez\u00fcglich der in \u00d6sterreich gezahlten Umsatzsteuer auf Benzinrechnungen. Nach den Ausf\u00fchrungen auf der Informationsseite des \u00f6sterreichischen Bundeskanzleramts sind Vorsteuererstattungen nur f\u00fcr solche Ums\u00e4tze zul\u00e4ssig, f\u00fcr die auch ein \u00f6sterreichischer Unternehmer eine Vorsteuerr\u00fcckerstattung erhalten w\u00fcrde (siehe: Vorsteuererstattungsverfahren \u201eWelche Vorsteuern k\u00f6nnen erstattet werden?\u201c 1. Absatz. <a href=&quot;https:\/\/www.usp.gv.at\/themen\/steuern-finanzen\/umsatzsteuer-ueberblick\/weitere-informationen-zur-umsatzsteuer\/umsaetze-mit-auslandsbezug\/vorsteuererstattungsverfahren.html&quot; target=&quot;_blank&quot; rel=&quot;noopener&quot;>https:\/\/www.usp.gv.at\/themen\/steuern-finanzen\/umsatzsteuer-ueberblick\/weitere-informationen-zur-umsatzsteuer\/umsaetze-mit-auslandsbezug\/vorsteuererstattungsverfahren.html<\/a>). Einen Vorsteuerabzug gibt es in \u00d6sterreich nur f\u00fcr gewerbliche Personenbef\u00f6rderungen oder f\u00fcr gewerbliche Vermietungen.<\/p>\n<p class=&quot;hide_creation_date&quot;>Stand: 27. August 2024<\/p>\n<div class=&quot;hide_image_author&quot;>\n<p>Bild: Eigens \/ stock.adobe.com<\/p>\n<\/div>\n","protected":false},"excerpt":{"rendered":"<p>Antragsfrist f\u00fcr Vorsteuererstattungsantr\u00e4ge f\u00fcr das Kalenderjahr 2023 endet am 30.9.2024<\/p>\n","protected":false},"author":1,"featured_media":11985,"comment_status":"closed","ping_status":"closed","sticky":false,"template":"","format":"standard","meta":{"footnotes":""},"categories":[73],"tags":[],"class_list":["post-11507","post","type-post","status-publish","format-standard","has-post-thumbnail","hentry","category-steuernews"],"aioseo_notices":[],"_links":{"self":[{"href":"https:\/\/kanzlei-fahn.de\/en\/wp-json\/wp\/v2\/posts\/11507","targetHints":{"allow":["GET"]}}],"collection":[{"href":"https:\/\/kanzlei-fahn.de\/en\/wp-json\/wp\/v2\/posts"}],"about":[{"href":"https:\/\/kanzlei-fahn.de\/en\/wp-json\/wp\/v2\/types\/post"}],"author":[{"embeddable":true,"href":"https:\/\/kanzlei-fahn.de\/en\/wp-json\/wp\/v2\/users\/1"}],"replies":[{"embeddable":true,"href":"https:\/\/kanzlei-fahn.de\/en\/wp-json\/wp\/v2\/comments?post=11507"}],"version-history":[{"count":9,"href":"https:\/\/kanzlei-fahn.de\/en\/wp-json\/wp\/v2\/posts\/11507\/revisions"}],"predecessor-version":[{"id":11986,"href":"https:\/\/kanzlei-fahn.de\/en\/wp-json\/wp\/v2\/posts\/11507\/revisions\/11986"}],"wp:featuredmedia":[{"embeddable":true,"href":"https:\/\/kanzlei-fahn.de\/en\/wp-json\/wp\/v2\/media\/11985"}],"wp:attachment":[{"href":"https:\/\/kanzlei-fahn.de\/en\/wp-json\/wp\/v2\/media?parent=11507"}],"wp:term":[{"taxonomy":"category","embeddable":true,"href":"https:\/\/kanzlei-fahn.de\/en\/wp-json\/wp\/v2\/categories?post=11507"},{"taxonomy":"post_tag","embeddable":true,"href":"https:\/\/kanzlei-fahn.de\/en\/wp-json\/wp\/v2\/tags?post=11507"}],"curies":[{"name":"wp","href":"https:\/\/api.w.org\/{rel}","templated":true}]}}