{"id":11510,"date":"2024-09-01T00:00:00","date_gmt":"2024-08-31T22:00:00","guid":{"rendered":"https:\/\/kanzlei-fahn.de\/september_2024-jahressteuergesetz_2024\/"},"modified":"2025-04-01T08:28:21","modified_gmt":"2025-04-01T06:28:21","slug":"september_2024-jahressteuergesetz_2024","status":"publish","type":"post","link":"https:\/\/kanzlei-fahn.de\/en\/september_2024-jahressteuergesetz_2024\/","title":{"rendered":"Jahressteuergesetz 2024"},"content":{"rendered":"<p><img decoding=\"async\" src=\"https:\/\/kanzlei-fahn.de\/wp-content\/uploads\/AdobeStock_591337881_Jahressteuergesetz_2024_V2_w500_h0_q80_jpg-3.jpg\" \/><\/p>\n<h2>Erbschaftsteuer<\/h2>\n<p>Der Entwurf des \u201eersten Jahressteuergesetzes\u201c 2024 enth\u00e4lt zahlreiche \u00c4nderungen des Erbschaftsteuergesetzes und des Bewertungsgesetzes. Die \u00c4nderungen resultieren aus der neuesten Rechtsprechung des Bundesfinanzhofs und des Europ\u00e4ischen Gerichtshofs. Die wesentlichen \u00c4nderungen im Erbschaftsteuerrecht sind:<\/p>\n<h2>Nachlassverbindlichkeiten<\/h2>\n<p>Beschr\u00e4nkt steuerpflichtige Erbinnen und Erben sollen k\u00fcnftig zumindest anteilig Nachlassverbindlichkeiten steuermindernd abziehen k\u00f6nnen. Dies hat der Europ\u00e4ische Gerichtshof (EuGH, Rs C 394\/20) so entschieden. Eine Abzugsm\u00f6glichkeit muss zumindest insoweit gegeben sein, als im Inland eine Besteuerung erfolgt. Die geplante Neufassung des \u00a7 10 Abs 6 Erbschaftsteuergesetz ErbStG sieht vor, dass beschr\u00e4nkt Steuerpflichtige Nachlassverbindlichkeiten anteilig abziehen k\u00f6nnen, soweit der Nachlass der deutschen Besteuerung unterliegt.<\/p>\n<h2>Abschlag f\u00fcr vermietete Immobilien<\/h2>\n<p>Der bislang nur f\u00fcr vermietete Inlandsimmobilien geltende Befreiungsabschlag von 10 Prozent soll auch auf Grundst\u00fccke in Drittstaaten ausgeweitet werden. Voraussetzung ist, dass mit dem jeweiligen Drittstaat ein Informationsaustauschabkommen in Bezug auf die Erbschaftsteuer besteht.<\/p>\n<h2>Erweiterte Stundungsregelungen<\/h2>\n<p>Eine Stundung von Erbschaftsteuer soll k\u00fcnftig auch f\u00fcr eigengenutzte oder fremd vermietete Wohnungen m\u00f6glich sein. Die neuen Stundungsm\u00f6glichkeiten greifen dann, wenn die Erbschaftsteuer nicht aus eigenem Verm\u00f6gen, sondern nur durch Verkauf der Immobilie gezahlt werden k\u00f6nnte.<\/p>\n<p class=&quot;hide_creation_date&quot;>Stand: 27. August 2024<\/p>\n<div class=&quot;hide_image_author&quot;>\n<p>Bild: Andrey Popov \/ stock.adobe.com<\/p>\n<\/div>\n","protected":false},"excerpt":{"rendered":"<p>Umsetzung von Vorgaben aus der Rechtsprechung des BFH und EuGH im Erbschaftsteuerrecht<\/p>\n","protected":false},"author":1,"featured_media":11988,"comment_status":"closed","ping_status":"closed","sticky":false,"template":"","format":"standard","meta":{"footnotes":""},"categories":[73],"tags":[],"class_list":["post-11510","post","type-post","status-publish","format-standard","has-post-thumbnail","hentry","category-steuernews"],"aioseo_notices":[],"_links":{"self":[{"href":"https:\/\/kanzlei-fahn.de\/en\/wp-json\/wp\/v2\/posts\/11510","targetHints":{"allow":["GET"]}}],"collection":[{"href":"https:\/\/kanzlei-fahn.de\/en\/wp-json\/wp\/v2\/posts"}],"about":[{"href":"https:\/\/kanzlei-fahn.de\/en\/wp-json\/wp\/v2\/types\/post"}],"author":[{"embeddable":true,"href":"https:\/\/kanzlei-fahn.de\/en\/wp-json\/wp\/v2\/users\/1"}],"replies":[{"embeddable":true,"href":"https:\/\/kanzlei-fahn.de\/en\/wp-json\/wp\/v2\/comments?post=11510"}],"version-history":[{"count":9,"href":"https:\/\/kanzlei-fahn.de\/en\/wp-json\/wp\/v2\/posts\/11510\/revisions"}],"predecessor-version":[{"id":11989,"href":"https:\/\/kanzlei-fahn.de\/en\/wp-json\/wp\/v2\/posts\/11510\/revisions\/11989"}],"wp:featuredmedia":[{"embeddable":true,"href":"https:\/\/kanzlei-fahn.de\/en\/wp-json\/wp\/v2\/media\/11988"}],"wp:attachment":[{"href":"https:\/\/kanzlei-fahn.de\/en\/wp-json\/wp\/v2\/media?parent=11510"}],"wp:term":[{"taxonomy":"category","embeddable":true,"href":"https:\/\/kanzlei-fahn.de\/en\/wp-json\/wp\/v2\/categories?post=11510"},{"taxonomy":"post_tag","embeddable":true,"href":"https:\/\/kanzlei-fahn.de\/en\/wp-json\/wp\/v2\/tags?post=11510"}],"curies":[{"name":"wp","href":"https:\/\/api.w.org\/{rel}","templated":true}]}}