{"id":11530,"date":"2024-10-01T00:00:00","date_gmt":"2024-09-30T22:00:00","guid":{"rendered":"https:\/\/kanzlei-fahn.de\/oktober_2024-grund-_und_kinderfreibetraege_2024\/"},"modified":"2024-12-02T09:00:59","modified_gmt":"2024-12-02T08:00:59","slug":"oktober_2024-grund-_und_kinderfreibetraege_2024","status":"publish","type":"post","link":"https:\/\/kanzlei-fahn.de\/en\/oktober_2024-grund-_und_kinderfreibetraege_2024\/","title":{"rendered":"Grund- und Kinderfreibetr\u00e4ge 2024"},"content":{"rendered":"<p><img decoding=\"async\" src=\"https:\/\/kanzlei-fahn.de\/wp-content\/uploads\/Grund-und_Kinderfreibetraege_2024_AdobeStock_821568090_V2_gr_w500_h0_q80_jpg.jpg\" \/><\/p>\n<h2>Gesetzgebung<\/h2>\n<p>Die Bundesregierung plant nach dem Entwurf eines \u201eGesetzes zur steuerlichen Freistellung des Existenzminimums 2024\u201c, den steuerfreien Grundfreibetrag (Existenzminimum, \u00a7 32a Abs. 1 Einkommensteuergesetz\/EStG) von \u20ac 11,604,00 auf \u20ac 11.784,00 r\u00fcckwirkend zum 1.1.2024 zu erh\u00f6hen. Grund f\u00fcr die r\u00fcckwirkende \u00c4nderung ist der j\u00fcngste Existenzminimumbericht, den die Bundesregierung alle zwei Jahre vorlegt.<\/p>\n<h2>Sozialrechtliche Regelbedarfe<\/h2>\n<p>Gem\u00e4\u00df diesem Bericht sind die sozialrechtlichen Regelbedarfe st\u00e4rker als urspr\u00fcnglich geplant angestiegen. Dadurch ergibt sich auch \u00c4nderungsbedarf beim steuerfrei zu stellenden s\u00e4chlichen Existenzminimum f\u00fcr das Jahr 2024.<\/p>\n<h2>Kinderfreibetrag<\/h2>\n<p>Die gestiegenen sozialrechtlichen Regelbedarfe erfordern auch die Anhebung des Kinderfreibetrags (\u00a7 32 Abs. 6 EStG) f\u00fcr das Jahr 2024. Geplant ist nach dem Gesetzentwurf eine Erh\u00f6hung um \u20ac 228,00 auf \u20ac 6.612,00 (zusammenveranlagte Ehegatten) bzw. von \u20ac 3.192,00 auf \u20ac 3.306,00 bei Einzelveranlagung bzw. Alleinerziehenden\/Singles.<\/p>\n<p class=&quot;hide_creation_date&quot;>Stand: 25. September 2024<\/p>\n<div class=&quot;hide_image_author&quot;>\n<p>Bild: Eigens &#8211; stock.adobe.com<\/p>\n<\/div>\n","protected":false},"excerpt":{"rendered":"<p>Einkommensteuerfreibetrag und Kinderfreibetrag steigen 2024 r\u00fcckwirkend<\/p>\n","protected":false},"author":1,"featured_media":0,"comment_status":"closed","ping_status":"closed","sticky":false,"template":"","format":"standard","meta":{"footnotes":""},"categories":[73],"tags":[],"class_list":["post-11530","post","type-post","status-publish","format-standard","hentry","category-steuernews"],"aioseo_notices":[],"_links":{"self":[{"href":"https:\/\/kanzlei-fahn.de\/en\/wp-json\/wp\/v2\/posts\/11530","targetHints":{"allow":["GET"]}}],"collection":[{"href":"https:\/\/kanzlei-fahn.de\/en\/wp-json\/wp\/v2\/posts"}],"about":[{"href":"https:\/\/kanzlei-fahn.de\/en\/wp-json\/wp\/v2\/types\/post"}],"author":[{"embeddable":true,"href":"https:\/\/kanzlei-fahn.de\/en\/wp-json\/wp\/v2\/users\/1"}],"replies":[{"embeddable":true,"href":"https:\/\/kanzlei-fahn.de\/en\/wp-json\/wp\/v2\/comments?post=11530"}],"version-history":[{"count":3,"href":"https:\/\/kanzlei-fahn.de\/en\/wp-json\/wp\/v2\/posts\/11530\/revisions"}],"predecessor-version":[{"id":11642,"href":"https:\/\/kanzlei-fahn.de\/en\/wp-json\/wp\/v2\/posts\/11530\/revisions\/11642"}],"wp:attachment":[{"href":"https:\/\/kanzlei-fahn.de\/en\/wp-json\/wp\/v2\/media?parent=11530"}],"wp:term":[{"taxonomy":"category","embeddable":true,"href":"https:\/\/kanzlei-fahn.de\/en\/wp-json\/wp\/v2\/categories?post=11530"},{"taxonomy":"post_tag","embeddable":true,"href":"https:\/\/kanzlei-fahn.de\/en\/wp-json\/wp\/v2\/tags?post=11530"}],"curies":[{"name":"wp","href":"https:\/\/api.w.org\/{rel}","templated":true}]}}