{"id":11536,"date":"2024-10-01T00:00:00","date_gmt":"2024-09-30T22:00:00","guid":{"rendered":"https:\/\/kanzlei-fahn.de\/oktober_2024-grundsteuer_2025\/"},"modified":"2025-07-02T17:39:17","modified_gmt":"2025-07-02T15:39:17","slug":"oktober_2024-grundsteuer_2025","status":"publish","type":"post","link":"https:\/\/kanzlei-fahn.de\/en\/oktober_2024-grundsteuer_2025\/","title":{"rendered":"Grundsteuer 2025"},"content":{"rendered":"<p><img decoding=\"async\" src=\"https:\/\/kanzlei-fahn.de\/wp-content\/uploads\/Grundsteuer2025_AdobeStock_977616139_V2_gr_w500_h0_q80_jpg.jpg\" \/><\/p>\n<h2>Grundsteuer 2025<\/h2>\n<p>Ab dem n\u00e4chsten Jahr wird die Grundsteuer aus den nach der neuen Grundbesitzbewertung ermittelten Bemessungsgrundlage (Grundst\u00fcckswerten) berechnet und erhoben. Anlass f\u00fcr die Grundsteuerreform bildete das Urteil des Bundesverfassungsgerichts vom 10.4.2018 (1 BvL 11\/14). Die obersten Verfassungsrichter erkl\u00e4rten die bisherigen Vorschriften der Einheitsbewertung von Grundverm\u00f6gen auf Basis von Grundbesitzwerten aus 1964 als mit dem allgemeinen Gleichheitsgrundsatz (Art. 3 Abs. 1 Grundgesetz GG) unvereinbar.<\/p>\n<h2>Musterklagen<\/h2>\n<p>Anders als bei der Grundbesitzwertermittlung f\u00fcr die Erbschaft- und Schenkungsteuer nach dem sechsten Abschnitt des Bewertungsgesetzes sehen die Bewertungsvorschriften f\u00fcr die Grundsteuer nach dem siebten Abschnitt des Bewertungsgesetzes keine M\u00f6glichkeit des Nachweises eines niedrigeren Grundbesitzwertes mittels eines Sachverst\u00e4ndigengutachtens vor. Hiergegen richtet sich aktuell eine erste Musterklage eines betroffenen Besitzers von vermieteten Eigentumswohnungen in Ostdeutschland (Chemnitz), die vom Bund der Steuerzahler Deutschland (BdSt) sowie Haus &amp; Grund Deutschland unterst\u00fctzt wird.<\/p>\n<h2>Weitere Musterklagen<\/h2>\n<p>Der Bund der Steuerzahler unterst\u00fctzt dar\u00fcber hinaus mehrere Klagen aus anderen Bundesl\u00e4ndern, die das Bundesmodell als Bewertungsmodell anwenden. Eine aktuelle \u00dcbersicht finden Betroffene auf der Homepage des Steuerzahlerbundes (www.steuerzahler.de).<\/p>\n<p class=&quot;hide_creation_date&quot;>Stand: 25. September 2024<\/p>\n<div class=&quot;hide_image_author&quot;>\n<p>Bild: Antony Weerut &#8211; stock.adobe.com<\/p>\n<\/div>\n<p><\/p>","protected":false},"excerpt":{"rendered":"<p>Bund der Steuerzahler unterst\u00fctzt Musterklage gegen Grundsteuer-Bundesmodell<\/p>\n","protected":false},"author":1,"featured_media":0,"comment_status":"closed","ping_status":"closed","sticky":false,"template":"","format":"standard","meta":{"footnotes":""},"categories":[73],"tags":[],"class_list":["post-11536","post","type-post","status-publish","format-standard","hentry","category-steuernews"],"aioseo_notices":[],"_links":{"self":[{"href":"https:\/\/kanzlei-fahn.de\/en\/wp-json\/wp\/v2\/posts\/11536","targetHints":{"allow":["GET"]}}],"collection":[{"href":"https:\/\/kanzlei-fahn.de\/en\/wp-json\/wp\/v2\/posts"}],"about":[{"href":"https:\/\/kanzlei-fahn.de\/en\/wp-json\/wp\/v2\/types\/post"}],"author":[{"embeddable":true,"href":"https:\/\/kanzlei-fahn.de\/en\/wp-json\/wp\/v2\/users\/1"}],"replies":[{"embeddable":true,"href":"https:\/\/kanzlei-fahn.de\/en\/wp-json\/wp\/v2\/comments?post=11536"}],"version-history":[{"count":4,"href":"https:\/\/kanzlei-fahn.de\/en\/wp-json\/wp\/v2\/posts\/11536\/revisions"}],"predecessor-version":[{"id":12069,"href":"https:\/\/kanzlei-fahn.de\/en\/wp-json\/wp\/v2\/posts\/11536\/revisions\/12069"}],"wp:attachment":[{"href":"https:\/\/kanzlei-fahn.de\/en\/wp-json\/wp\/v2\/media?parent=11536"}],"wp:term":[{"taxonomy":"category","embeddable":true,"href":"https:\/\/kanzlei-fahn.de\/en\/wp-json\/wp\/v2\/categories?post=11536"},{"taxonomy":"post_tag","embeddable":true,"href":"https:\/\/kanzlei-fahn.de\/en\/wp-json\/wp\/v2\/tags?post=11536"}],"curies":[{"name":"wp","href":"https:\/\/api.w.org\/{rel}","templated":true}]}}