{"id":11542,"date":"2024-10-01T00:00:00","date_gmt":"2024-09-30T22:00:00","guid":{"rendered":"https:\/\/kanzlei-fahn.de\/oktober_2024-garantieverlaengerung\/"},"modified":"2024-12-02T09:01:02","modified_gmt":"2024-12-02T08:01:02","slug":"oktober_2024-garantieverlaengerung","status":"publish","type":"post","link":"https:\/\/kanzlei-fahn.de\/en\/oktober_2024-garantieverlaengerung\/","title":{"rendered":"Garantieverl\u00e4ngerung"},"content":{"rendered":"<p><img decoding=\"async\" src=\"https:\/\/kanzlei-fahn.de\/wp-content\/uploads\/Garantieverlaengerung_AdobeStock_621691491_V2_gr_w500_h0_q80_jpg.jpg\" \/><\/p>\n<h2>Anschaffungskosten und Anschaffungsnebenkosten<\/h2>\n<p>Zu den abschreibungsf\u00e4higen Aufwendungen von betrieblich genutzten Wirtschaftsg\u00fctern z\u00e4hlen neben den Anschaffungskosten auch die Anschaffungsnebenkosten. Nach dem Handelsrecht (\u00a7 255 Handelsgesetzbuch HGB) geh\u00f6ren \u201eAufwendungen, die geleistet werden, um einen Verm\u00f6gensgegenstand zu erwerben und ihn in einen betriebsbereiten Zustand zu versetzen\u201c zu den Anschaffungskosten, \u201esoweit sie dem Verm\u00f6gensgegenstand einzeln zugeordnet werden k\u00f6nnen\u201c. Das Handelsrecht z\u00e4hlt zu den Anschaffungskosten \u201eauch die Nebenkosten sowie die nachtr\u00e4glichen Anschaffungskosten\u201c. Das Steuerrecht \u00fcbernimmt die Regelungen aus dem Handelsrecht (vgl. H 6.2. Einkommensteuer-Hinweise EStH).<\/p>\n<h2>Garantieverl\u00e4ngerung<\/h2>\n<p>Aufwendungen f\u00fcr Garantieverl\u00e4ngerungen z\u00e4hlen hingegen nicht zu den Anschaffungsnebenkosten. Denn die Wirtschaftsg\u00fcter, f\u00fcr die eine Garantieverl\u00e4ngerung erworben wird, sind auch ohne diese Zusatzversicherung betriebsbereit. Das hei\u00dft, eine Garantieversicherung ist nicht erforderlich, um den Gegenstand \u201ein einen betriebsbereiten Zustand zu versetzen\u201c.<\/p>\n<h2>Betriebsausgaben, Umsatzsteuer<\/h2>\n<p>Aufwendungen f\u00fcr eine Garantieverl\u00e4ngerung stellen eine eigenst\u00e4ndige, nach \u00a7 4 Nr. 10 Buchst. b Umsatzsteuergesetz\/UStG steuerfreie Leistung dar. Steuerpflichtige, die bilanzierungspflichtig sind, m\u00fcssen einen aktiven Rechnungsabgrenzungsposten in H\u00f6he der Versicherungspr\u00e4mie bilden und diesen \u00fcber die Dauer des Garantieverl\u00e4ngerungszeitraums abschreiben. Abschreibungsbeginn ist dabei das Ende der regul\u00e4ren Garantiezeit (Herstellergarantie, gesetzliche Gew\u00e4hrleistungsfristen) f\u00fcr das Wirtschaftsgut. Einnahmen-\u00dcberschussrechner k\u00f6nnen die Versicherungspr\u00e4mien im Veranlagungszeitraum der Zahlung sofort als Betriebsausgaben abschreiben.<\/p>\n<p class=&quot;hide_creation_date&quot;>Stand: 25. September 2024<\/p>\n<div class=&quot;hide_image_author&quot;>\n<p>Bild: momius &#8211; stock.adobe.com<\/p>\n<\/div>\n","protected":false},"excerpt":{"rendered":"<p>Aufwendungen f\u00fcr eine Garantieverl\u00e4ngerung richtig buchen<\/p>\n","protected":false},"author":1,"featured_media":0,"comment_status":"closed","ping_status":"closed","sticky":false,"template":"","format":"standard","meta":{"footnotes":""},"categories":[73],"tags":[],"class_list":["post-11542","post","type-post","status-publish","format-standard","hentry","category-steuernews"],"aioseo_notices":[],"_links":{"self":[{"href":"https:\/\/kanzlei-fahn.de\/en\/wp-json\/wp\/v2\/posts\/11542","targetHints":{"allow":["GET"]}}],"collection":[{"href":"https:\/\/kanzlei-fahn.de\/en\/wp-json\/wp\/v2\/posts"}],"about":[{"href":"https:\/\/kanzlei-fahn.de\/en\/wp-json\/wp\/v2\/types\/post"}],"author":[{"embeddable":true,"href":"https:\/\/kanzlei-fahn.de\/en\/wp-json\/wp\/v2\/users\/1"}],"replies":[{"embeddable":true,"href":"https:\/\/kanzlei-fahn.de\/en\/wp-json\/wp\/v2\/comments?post=11542"}],"version-history":[{"count":3,"href":"https:\/\/kanzlei-fahn.de\/en\/wp-json\/wp\/v2\/posts\/11542\/revisions"}],"predecessor-version":[{"id":11650,"href":"https:\/\/kanzlei-fahn.de\/en\/wp-json\/wp\/v2\/posts\/11542\/revisions\/11650"}],"wp:attachment":[{"href":"https:\/\/kanzlei-fahn.de\/en\/wp-json\/wp\/v2\/media?parent=11542"}],"wp:term":[{"taxonomy":"category","embeddable":true,"href":"https:\/\/kanzlei-fahn.de\/en\/wp-json\/wp\/v2\/categories?post=11542"},{"taxonomy":"post_tag","embeddable":true,"href":"https:\/\/kanzlei-fahn.de\/en\/wp-json\/wp\/v2\/tags?post=11542"}],"curies":[{"name":"wp","href":"https:\/\/api.w.org\/{rel}","templated":true}]}}