{"id":11545,"date":"2024-10-01T00:00:00","date_gmt":"2024-09-30T22:00:00","guid":{"rendered":"https:\/\/kanzlei-fahn.de\/oktober_2024-grenzgaengerbesteuerung\/"},"modified":"2024-12-02T09:01:02","modified_gmt":"2024-12-02T08:01:02","slug":"oktober_2024-grenzgaengerbesteuerung","status":"publish","type":"post","link":"https:\/\/kanzlei-fahn.de\/en\/oktober_2024-grenzgaengerbesteuerung\/","title":{"rendered":"Grenzg\u00e4ngerbesteuerung"},"content":{"rendered":"<p><img decoding=\"async\" src=\"https:\/\/kanzlei-fahn.de\/wp-content\/uploads\/Grenzgaengerbesteuerung_AdobeStock_343716138_V2_gr_w500_h0_q80_jpg.jpg\" \/><\/p>\n<h2>Grenzg\u00e4nger Schweiz<\/h2>\n<p>Als \u201eGrenzg\u00e4nger\u201c im Sinne der Doppelbesteuerungsabkommen\/DBAs werden Arbeitnehmerinnen bzw. Arbeitnehmer bezeichnet, die in einem Vertragsstaat ans\u00e4ssig, in einem anderen Vertragsstaat ihren Arbeitsort haben und von dort regelm\u00e4\u00dfig an ihren Ans\u00e4ssigkeitsort zur\u00fcckkehren. Nach dem DBA-Schweiz (Artikel 15a Abs. 2) entf\u00e4llt die Grenzg\u00e4ngereigenschaft, falls ein Arbeitnehmer nicht t\u00e4glich nach Arbeitsende an seinen Wohnsitz zur\u00fcckkehrt nur dann, wenn dieser Arbeitnehmer bei einer Besch\u00e4ftigung w\u00e4hrend des gesamten Kalenderjahres an mehr als 60 Arbeitstagen auf Grund seiner Arbeitsaus\u00fcbung nicht an seinen Wohnsitz zur\u00fcckkehrt. Der Grenzg\u00e4ngerstatus ist entscheidend f\u00fcr die Frage, welcher Staat den Arbeitslohn besteuern kann. Deutschland kann als Ans\u00e4ssigkeitsstaat Geh\u00e4lter, L\u00f6hne und \u00e4hnliche Verg\u00fctungen, die ein Grenzg\u00e4nger aus unselbst\u00e4ndiger Arbeit in der Schweiz bezieht, besteuern.<\/p>\n<h2>Der Fall<\/h2>\n<p>Im Streitfall kehrte der Betreffende nicht t\u00e4glich nach Feierabend nach Deutschland zur\u00fcck. Das Finanzamt wollte f\u00fcr den Arbeitnehmer dennoch eine Besteuerung wie als Grenzg\u00e4nger, da eine t\u00e4gliche R\u00fcckkehr zumutbar sei. Das erstinstanzliche Finanzgericht\/FG Baden-W\u00fcrttemberg (Urteil vom 23.11.2022, 12 K 623\/22) war der Meinung, dass eine regelm\u00e4\u00dfige R\u00fcckkehr \u2013 und damit eine Steuerpflicht in Deutschland \u2013 auch vorliegen kann, wenn der Arbeitnehmer nur einmal die Woche ins Inland zur\u00fcckkehrt.<\/p>\n<h2>BFH-Entscheidung<\/h2>\n<p>Ob und inwieweit die Grenzg\u00e4ngerregelung im Streitfall Anwendung findet, wird der Bundesfinanzhof\/BFH entscheiden (anh\u00e4ngiges Revisionsverfahren Az. VI R 14\/24).<\/p>\n<p class=&quot;hide_creation_date&quot;>Stand: 25. September 2024<\/p>\n<div class=&quot;hide_image_author&quot;>\n<p>Bild: Oleksii &#8211; stock.adobe.com<\/p>\n<\/div>\n","protected":false},"excerpt":{"rendered":"<p>BFH entscheidet \u00fcber das Vorliegen einer Grenzg\u00e4ngereigenschaft bei nicht regelm\u00e4\u00dfiger R\u00fcckkehr an den Wohnsitzort<\/p>\n","protected":false},"author":1,"featured_media":0,"comment_status":"closed","ping_status":"closed","sticky":false,"template":"","format":"standard","meta":{"footnotes":""},"categories":[73],"tags":[],"class_list":["post-11545","post","type-post","status-publish","format-standard","hentry","category-steuernews"],"aioseo_notices":[],"_links":{"self":[{"href":"https:\/\/kanzlei-fahn.de\/en\/wp-json\/wp\/v2\/posts\/11545","targetHints":{"allow":["GET"]}}],"collection":[{"href":"https:\/\/kanzlei-fahn.de\/en\/wp-json\/wp\/v2\/posts"}],"about":[{"href":"https:\/\/kanzlei-fahn.de\/en\/wp-json\/wp\/v2\/types\/post"}],"author":[{"embeddable":true,"href":"https:\/\/kanzlei-fahn.de\/en\/wp-json\/wp\/v2\/users\/1"}],"replies":[{"embeddable":true,"href":"https:\/\/kanzlei-fahn.de\/en\/wp-json\/wp\/v2\/comments?post=11545"}],"version-history":[{"count":3,"href":"https:\/\/kanzlei-fahn.de\/en\/wp-json\/wp\/v2\/posts\/11545\/revisions"}],"predecessor-version":[{"id":11652,"href":"https:\/\/kanzlei-fahn.de\/en\/wp-json\/wp\/v2\/posts\/11545\/revisions\/11652"}],"wp:attachment":[{"href":"https:\/\/kanzlei-fahn.de\/en\/wp-json\/wp\/v2\/media?parent=11545"}],"wp:term":[{"taxonomy":"category","embeddable":true,"href":"https:\/\/kanzlei-fahn.de\/en\/wp-json\/wp\/v2\/categories?post=11545"},{"taxonomy":"post_tag","embeddable":true,"href":"https:\/\/kanzlei-fahn.de\/en\/wp-json\/wp\/v2\/tags?post=11545"}],"curies":[{"name":"wp","href":"https:\/\/api.w.org\/{rel}","templated":true}]}}