{"id":11567,"date":"2024-11-01T00:00:00","date_gmt":"2024-10-31T23:00:00","guid":{"rendered":"https:\/\/kanzlei-fahn.de\/november_2024-neue_foerderung_fuer_elektroautos\/"},"modified":"2025-10-01T12:27:51","modified_gmt":"2025-10-01T10:27:51","slug":"november_2024-neue_foerderung_fuer_elektroautos","status":"publish","type":"post","link":"https:\/\/kanzlei-fahn.de\/en\/november_2024-neue_foerderung_fuer_elektroautos\/","title":{"rendered":"Neue F\u00f6rderung f\u00fcr Elektroautos"},"content":{"rendered":"<p><img decoding=\"async\" src=\"https:\/\/kanzlei-fahn.de\/wp-content\/uploads\/Neue_Foerderung_fuer_Elektroautos_AdobeStock_424789598_V2_w500_h0_q80_jpg-1.jpg\" \/><\/p>\n<h2>Neue F\u00f6rderung von E-Autos<\/h2>\n<p>Die betriebliche Nutzung von Elektrofahrzeugen wird derzeit steuerlich dergestalt gef\u00f6rdert, dass bei der Ermittlung der H\u00f6he der privaten Nutzungsentnahme nur ein % von einem Viertel, effektiv also 0,25 %, des inl\u00e4ndischen Bruttolistenpreises als privater Nutzungsanteil versteuert werden muss (\u00a7 6 Absatz 1 Nr. 4 Satz 2 Nummer 3 Einkommensteuergesetz\/EStG). Dies gilt nach geltender Rechtslage allerdings nur, wenn der Bruttolistenpreis des Fahrzeugs \u20ac 70.000,00 nicht \u00fcbersteigt.<\/p>\n<h2>H\u00f6herer Bruttolistenpreis<\/h2>\n<p>Die Bundesregierung hat nun in dem sich im Gesetzgebungsverfahren befindlichen Steuerfortentwicklungsgesetz eine Anhebung der Wertgrenze auf \u20ac 95.000,00 eingebracht. Die 95.000-Euro-Wertgrenze soll f\u00fcr E-Autos gelten, die ab Juli 2024 angeschafft worden sind.<\/p>\n<h2>Geplante Sonderabschreibung<\/h2>\n<p>Emissionsfreie E-Autos, die im Zeitraum von Juli 2024 bis Dezember 2028 angeschafft werden, sollen au\u00dferdem \u00fcber einen Zeitraum von sechs Jahren, beginnend mit einem AfA-Satz von 40 %, abgeschrieben werden k\u00f6nnen.<\/p>\n<p class=&quot;hide_creation_date&quot;>Stand: 02. November 2024<\/p>\n<div class=&quot;hide_image_author&quot;>\n<p>Bild: Michael Flippo &#8211; stock.adobe.com<\/p>\n<\/div>\n","protected":false},"excerpt":{"rendered":"<p>F\u00f6rderung der Automobilindustrie im Rahmen der \u201eWachstumsinitiative\u201c der Bundesregierung<\/p>\n","protected":false},"author":1,"featured_media":0,"comment_status":"closed","ping_status":"closed","sticky":false,"template":"","format":"standard","meta":{"footnotes":""},"categories":[73],"tags":[],"class_list":["post-11567","post","type-post","status-publish","format-standard","hentry","category-steuernews"],"aioseo_notices":[],"_links":{"self":[{"href":"https:\/\/kanzlei-fahn.de\/en\/wp-json\/wp\/v2\/posts\/11567","targetHints":{"allow":["GET"]}}],"collection":[{"href":"https:\/\/kanzlei-fahn.de\/en\/wp-json\/wp\/v2\/posts"}],"about":[{"href":"https:\/\/kanzlei-fahn.de\/en\/wp-json\/wp\/v2\/types\/post"}],"author":[{"embeddable":true,"href":"https:\/\/kanzlei-fahn.de\/en\/wp-json\/wp\/v2\/users\/1"}],"replies":[{"embeddable":true,"href":"https:\/\/kanzlei-fahn.de\/en\/wp-json\/wp\/v2\/comments?post=11567"}],"version-history":[{"count":5,"href":"https:\/\/kanzlei-fahn.de\/en\/wp-json\/wp\/v2\/posts\/11567\/revisions"}],"predecessor-version":[{"id":12327,"href":"https:\/\/kanzlei-fahn.de\/en\/wp-json\/wp\/v2\/posts\/11567\/revisions\/12327"}],"wp:attachment":[{"href":"https:\/\/kanzlei-fahn.de\/en\/wp-json\/wp\/v2\/media?parent=11567"}],"wp:term":[{"taxonomy":"category","embeddable":true,"href":"https:\/\/kanzlei-fahn.de\/en\/wp-json\/wp\/v2\/categories?post=11567"},{"taxonomy":"post_tag","embeddable":true,"href":"https:\/\/kanzlei-fahn.de\/en\/wp-json\/wp\/v2\/tags?post=11567"}],"curies":[{"name":"wp","href":"https:\/\/api.w.org\/{rel}","templated":true}]}}