{"id":11570,"date":"2024-11-01T00:00:00","date_gmt":"2024-10-31T23:00:00","guid":{"rendered":"https:\/\/kanzlei-fahn.de\/november_2024-erhaltungsruecklagen_bei_vermietung\/"},"modified":"2025-10-01T12:27:51","modified_gmt":"2025-10-01T10:27:51","slug":"november_2024-erhaltungsruecklagen_bei_vermietung","status":"publish","type":"post","link":"https:\/\/kanzlei-fahn.de\/en\/november_2024-erhaltungsruecklagen_bei_vermietung\/","title":{"rendered":"Erhaltungsr\u00fccklagen bei Vermietung"},"content":{"rendered":"<p><img decoding=\"async\" src=\"https:\/\/kanzlei-fahn.de\/wp-content\/uploads\/Erhaltungsruecklagen_bei_Vermietung_AdobeStock_611092934_V2_w500_h0_q80_jpg-1.jpg\" \/><\/p>\n<h2>Erhaltungsr\u00fccklagen<\/h2>\n<p>Die Finanzverwaltung l\u00e4sst geleistete Zahlungen in die nach dem Wohnungseigent\u00fcmergesetz (WEG \u00a7\u00a7 19, 28) gesetzlich vorgeschriebenen Erhaltungsr\u00fccklagen erst zum Werbungskostenabzug zu, wenn die Hausverwalterin bzw. der Hausverwalter die R\u00fccklagen tats\u00e4chlich f\u00fcr die Erhaltung des Gemeinschaftseigentums verausgabt hat (H 21.2 Einkommensteuer-Handbuch EStH \u201eWerbungskosten\u201c sowie OFD Frankfurt\/M vom 9.11.2022 S 2211A-12-St 214). Ein Vermieter vertrat die Ansicht, dass bereits die Einzahlungen in die Erhaltungsr\u00fccklage als sofort abzugsf\u00e4hige Werbungskosten bei einer vermieteten Wohnung ber\u00fccksichtigt werden m\u00fcssten. Der Steuerpflichtige begr\u00fcndete dies u. a. damit, dass nach der Novellierung des Wohnungseigentumsgesetzes durch das Wohnungseigentumsmodernisierungsgesetz vom 16.10.2020 (BGBl I 2020, 2187) eine Wohnungseigent\u00fcmergemeinschaft Rechtsf\u00e4higkeit erlangt hat.<\/p>\n<h2>FG-Urteil<\/h2>\n<p>Das erstinstanzliche Finanzgericht\/FG N\u00fcrnberg wies die Klage ab (Urteil vom 12.3.2024, 1 K 866\/23). Der Vermieter hat Revision eingelegt. Damit wird der Bundesfinanzhof\/BFH abschlie\u00dfend dar\u00fcber entscheiden (Az. IX R 19\/24). Vermieterinnen und Vermieter k\u00f6nnen sich gegebenenfalls auf das anh\u00e4ngige Verfahren berufen. <\/p>\n<p class=&quot;hide_creation_date&quot;>Stand: 02. November 2024<\/p>\n<div class=&quot;hide_image_author&quot;>\n<p>Bild: Julien &#8211; stock.adobe.com<\/p>\n<\/div>\n","protected":false},"excerpt":{"rendered":"<p>Steuerliche Behandlung von Erhaltungsr\u00fccklagen bei den Eink\u00fcnften aus Vermietung und Verpachtung<\/p>\n","protected":false},"author":1,"featured_media":0,"comment_status":"closed","ping_status":"closed","sticky":false,"template":"","format":"standard","meta":{"footnotes":""},"categories":[73],"tags":[],"class_list":["post-11570","post","type-post","status-publish","format-standard","hentry","category-steuernews"],"aioseo_notices":[],"_links":{"self":[{"href":"https:\/\/kanzlei-fahn.de\/en\/wp-json\/wp\/v2\/posts\/11570","targetHints":{"allow":["GET"]}}],"collection":[{"href":"https:\/\/kanzlei-fahn.de\/en\/wp-json\/wp\/v2\/posts"}],"about":[{"href":"https:\/\/kanzlei-fahn.de\/en\/wp-json\/wp\/v2\/types\/post"}],"author":[{"embeddable":true,"href":"https:\/\/kanzlei-fahn.de\/en\/wp-json\/wp\/v2\/users\/1"}],"replies":[{"embeddable":true,"href":"https:\/\/kanzlei-fahn.de\/en\/wp-json\/wp\/v2\/comments?post=11570"}],"version-history":[{"count":5,"href":"https:\/\/kanzlei-fahn.de\/en\/wp-json\/wp\/v2\/posts\/11570\/revisions"}],"predecessor-version":[{"id":12329,"href":"https:\/\/kanzlei-fahn.de\/en\/wp-json\/wp\/v2\/posts\/11570\/revisions\/12329"}],"wp:attachment":[{"href":"https:\/\/kanzlei-fahn.de\/en\/wp-json\/wp\/v2\/media?parent=11570"}],"wp:term":[{"taxonomy":"category","embeddable":true,"href":"https:\/\/kanzlei-fahn.de\/en\/wp-json\/wp\/v2\/categories?post=11570"},{"taxonomy":"post_tag","embeddable":true,"href":"https:\/\/kanzlei-fahn.de\/en\/wp-json\/wp\/v2\/tags?post=11570"}],"curies":[{"name":"wp","href":"https:\/\/api.w.org\/{rel}","templated":true}]}}