{"id":11573,"date":"2024-11-01T00:00:00","date_gmt":"2024-10-31T23:00:00","guid":{"rendered":"https:\/\/kanzlei-fahn.de\/november_2024-sozialversicherungs-rechengroessen_2025\/"},"modified":"2025-10-01T12:27:52","modified_gmt":"2025-10-01T10:27:52","slug":"november_2024-sozialversicherungs-rechengroessen_2025","status":"publish","type":"post","link":"https:\/\/kanzlei-fahn.de\/en\/november_2024-sozialversicherungs-rechengroessen_2025\/","title":{"rendered":"Sozialversicherungs-Rechengr\u00f6\u00dfen 2025"},"content":{"rendered":"<p><img decoding=\"async\" src=\"https:\/\/kanzlei-fahn.de\/wp-content\/uploads\/Sozialversicherungs-Rechengroessen_2025_AdobeStock_672726340_V2_w500_h0_q80_jpg-1.jpg\" \/><\/p>\n<h2>Beitragsbemessungs- und Versicherungspflichtgrenzen 2025<\/h2>\n<p>Das Bundesministerium f\u00fcr Arbeit und Soziales\/BMAS hat den Entwurf der Sozialversicherungs-Rechengr\u00f6\u00dfenverordnung 2025 vorgelegt. Die Verordnung legt die Beitragsbemessungs- und Versicherungspflichtgrenzen in der gesetzlichen Sozialversicherung f\u00fcr das neue Jahr fest. F\u00fcr 2025 gelten erstmals einheitliche Wertgrenzen f\u00fcr die alten und die neuen Bundesl\u00e4nder. Die bislang notwendige Rechtskreistrennung entf\u00e4llt f\u00fcr Meldungen ab 2025. Nachdem die Lohnsteigerungen im vergangenen Jahr 2023 deutschlandweit mit durchschnittlich 6,44 % besonders hoch waren, steigen auch die Beitragsbemessungsgrenzen deutlich an.<\/p>\n<h2>Renten- und Arbeitslosenversicherung<\/h2>\n<p>Die monatliche Beitragsbemessungsgrenze in der allgemeinen Renten- und Arbeitslosenversicherung betr\u00e4gt nach dem Entwurf \u20ac 8.050,00\/Monat bzw. \u20ac 96.600,00\/Jahr.<\/p>\n<h2>Gesetzliche Krankenversicherung<\/h2>\n<p>Die bundeseinheitlich geltende Versicherungspflichtgrenze f\u00fcr die gesetzliche Krankenversicherung betr\u00e4gt f\u00fcr 2025 voraussichtlich \u20ac 73.800,00\/Jahr bzw. \u20ac 6.150,00 monatlich. Die ebenfalls bundeseinheitlich geltende Beitragsbemessungsgrenze in der gesetzlichen Krankenversicherung 2025 wird nach dem Entwurf auf \u20ac 66.150,00\/Jahr bzw. \u20ac 5.512,50 monatlich festgelegt.<\/p>\n<p class=&quot;hide_creation_date&quot;>Stand: 02. November 2024<\/p>\n<div class=&quot;hide_image_author&quot;>\n<p>Bild: Finanzfoto &#8211; stock.adobe.com<\/p>\n<\/div>\n","protected":false},"excerpt":{"rendered":"<p>Beitragsbemessungsgrenzen steigen ab 2025 stark an<\/p>\n","protected":false},"author":1,"featured_media":0,"comment_status":"closed","ping_status":"closed","sticky":false,"template":"","format":"standard","meta":{"footnotes":""},"categories":[73],"tags":[],"class_list":["post-11573","post","type-post","status-publish","format-standard","hentry","category-steuernews"],"aioseo_notices":[],"_links":{"self":[{"href":"https:\/\/kanzlei-fahn.de\/en\/wp-json\/wp\/v2\/posts\/11573","targetHints":{"allow":["GET"]}}],"collection":[{"href":"https:\/\/kanzlei-fahn.de\/en\/wp-json\/wp\/v2\/posts"}],"about":[{"href":"https:\/\/kanzlei-fahn.de\/en\/wp-json\/wp\/v2\/types\/post"}],"author":[{"embeddable":true,"href":"https:\/\/kanzlei-fahn.de\/en\/wp-json\/wp\/v2\/users\/1"}],"replies":[{"embeddable":true,"href":"https:\/\/kanzlei-fahn.de\/en\/wp-json\/wp\/v2\/comments?post=11573"}],"version-history":[{"count":5,"href":"https:\/\/kanzlei-fahn.de\/en\/wp-json\/wp\/v2\/posts\/11573\/revisions"}],"predecessor-version":[{"id":12331,"href":"https:\/\/kanzlei-fahn.de\/en\/wp-json\/wp\/v2\/posts\/11573\/revisions\/12331"}],"wp:attachment":[{"href":"https:\/\/kanzlei-fahn.de\/en\/wp-json\/wp\/v2\/media?parent=11573"}],"wp:term":[{"taxonomy":"category","embeddable":true,"href":"https:\/\/kanzlei-fahn.de\/en\/wp-json\/wp\/v2\/categories?post=11573"},{"taxonomy":"post_tag","embeddable":true,"href":"https:\/\/kanzlei-fahn.de\/en\/wp-json\/wp\/v2\/tags?post=11573"}],"curies":[{"name":"wp","href":"https:\/\/api.w.org\/{rel}","templated":true}]}}