{"id":11579,"date":"2024-11-01T00:00:00","date_gmt":"2024-10-31T23:00:00","guid":{"rendered":"https:\/\/kanzlei-fahn.de\/november_2024-grundsteuer_2025_tipps_zur_richtigen_vorbereitung\/"},"modified":"2025-10-01T12:27:52","modified_gmt":"2025-10-01T10:27:52","slug":"november_2024-grundsteuer_2025_tipps_zur_richtigen_vorbereitung","status":"publish","type":"post","link":"https:\/\/kanzlei-fahn.de\/en\/november_2024-grundsteuer_2025_tipps_zur_richtigen_vorbereitung\/","title":{"rendered":"Grundsteuer 2025: Tipps zur richtigen Vorbereitung"},"content":{"rendered":"<p><img decoding=\"async\" src=\"https:\/\/kanzlei-fahn.de\/wp-content\/uploads\/Grundsteuer_2025_Tipps_zur_richtigen_Vorbereitung_AdobeStock_623385174_V2_w500_h0_q80_jpg-1.jpg\" \/><\/p>\n<h2>Neue Grundsteuer 2025<\/h2>\n<p>Zum 1.1.2025 greift die Grundsteuerreform. Die neue Grundsteuer wird ab dem n\u00e4chsten Jahr f\u00e4llig. Die Finanzbeh\u00f6rden haben im Regelfall die Grundsteuermessbetr\u00e4ge bereits berechnet und die Bescheide allen Grundst\u00fcckseigent\u00fcmerinnen und Grundst\u00fcckseigent\u00fcmern zugestellt. Offen ist meistens noch der neue Hebesatz der betreffenden Gemeinde\/Stadt. Dieser ist jedoch Voraussetzung f\u00fcr die Berechnung der Grundsteuer.<\/p>\n<h2>Hebesatzempfehlungen<\/h2>\n<p>Gem\u00e4\u00df \u00a7 25 Abs. 3 GrStG m\u00fcssen die St\u00e4dte und Gemeinden den Beschluss \u00fcber die Festsetzung oder \u00c4nderung ihrer neuen Hebes\u00e4tze bis zum 30.6.2025 mit Wirkung zum 1.1.2025 fassen. Um den Gemeinden Hilfestellungen f\u00fcr die Festsetzung der neuen aufkommensneutralen Hebes\u00e4tze zu geben, stellen viele Bundesl\u00e4nder sogenannte Hebesatzempfehlungen zur Verf\u00fcgung. Beispielsweise haben die Finanzministerien Baden-W\u00fcrttemberg, Hessen, Nordrhein-Westfalen und Schleswig-Holstein Hebesatzempfehlungen f\u00fcr die Grundsteuern A und B ver\u00f6ffentlicht. Aufkommensneutral ist dabei allerdings auf das gesamte Grundsteueraufkommen einer Kommune bezogen und hei\u00dft nicht, dass es in Einzelf\u00e4llen nicht zu einer h\u00f6heren Grundsteuer kommen kann als im Jahr 2024.<\/p>\n<h2>R\u00fcckstellungen bilden<\/h2>\n<p>F\u00fcr betrieblichen Grundbesitz ist bilanztechnisch zu pr\u00fcfen, ob f\u00fcr die Grundsteuer 2025 eine R\u00fcckstellung f\u00fcr ungewisse Verbindlichkeiten zu bilden ist (\u00a7 249 Abs. 1 Handelsgesetzbuch\/HGB). Eine R\u00fcckstellung w\u00e4re dann geboten, wenn eines der Besteuerungsmerkmale (Messbetrag und\/oder Hebesatz) zum Bilanzstichtag nicht feststeht. F\u00fcr die Steuerbilanz ist zu beachten, dass k\u00fcnftige Preis- und Kostensteigerungen bei der R\u00fcckstellungsbildung nicht ber\u00fccksichtigt werden d\u00fcrfen (\u00a7 6 Abs. 1 Nr. 3a Buchst f. Einkommensteuergesetz\/EStG).<\/p>\n<p class=&quot;hide_creation_date&quot;>Stand: 02. November 2024<\/p>\n<div class=&quot;hide_image_author&quot;>\n<p>Bild: Bnz &#8211; stock.adobe.com<\/p>\n<\/div>\n","protected":false},"excerpt":{"rendered":"<p>Grundsteuerreform greift im n\u00e4chsten Jahr, Gemeinden m\u00fcssen Hebes\u00e4tze bis 30.6.2025 festlegen<\/p>\n","protected":false},"author":1,"featured_media":0,"comment_status":"closed","ping_status":"closed","sticky":false,"template":"","format":"standard","meta":{"footnotes":""},"categories":[73],"tags":[],"class_list":["post-11579","post","type-post","status-publish","format-standard","hentry","category-steuernews"],"aioseo_notices":[],"_links":{"self":[{"href":"https:\/\/kanzlei-fahn.de\/en\/wp-json\/wp\/v2\/posts\/11579","targetHints":{"allow":["GET"]}}],"collection":[{"href":"https:\/\/kanzlei-fahn.de\/en\/wp-json\/wp\/v2\/posts"}],"about":[{"href":"https:\/\/kanzlei-fahn.de\/en\/wp-json\/wp\/v2\/types\/post"}],"author":[{"embeddable":true,"href":"https:\/\/kanzlei-fahn.de\/en\/wp-json\/wp\/v2\/users\/1"}],"replies":[{"embeddable":true,"href":"https:\/\/kanzlei-fahn.de\/en\/wp-json\/wp\/v2\/comments?post=11579"}],"version-history":[{"count":5,"href":"https:\/\/kanzlei-fahn.de\/en\/wp-json\/wp\/v2\/posts\/11579\/revisions"}],"predecessor-version":[{"id":12335,"href":"https:\/\/kanzlei-fahn.de\/en\/wp-json\/wp\/v2\/posts\/11579\/revisions\/12335"}],"wp:attachment":[{"href":"https:\/\/kanzlei-fahn.de\/en\/wp-json\/wp\/v2\/media?parent=11579"}],"wp:term":[{"taxonomy":"category","embeddable":true,"href":"https:\/\/kanzlei-fahn.de\/en\/wp-json\/wp\/v2\/categories?post=11579"},{"taxonomy":"post_tag","embeddable":true,"href":"https:\/\/kanzlei-fahn.de\/en\/wp-json\/wp\/v2\/tags?post=11579"}],"curies":[{"name":"wp","href":"https:\/\/api.w.org\/{rel}","templated":true}]}}