{"id":11828,"date":"2025-02-01T00:00:00","date_gmt":"2025-01-31T23:00:00","guid":{"rendered":"https:\/\/kanzlei-fahn.de\/februar_2025-steuerfortentwicklungsgesetz\/"},"modified":"2025-10-01T12:27:43","modified_gmt":"2025-10-01T10:27:43","slug":"februar_2025-steuerfortentwicklungsgesetz","status":"publish","type":"post","link":"https:\/\/kanzlei-fahn.de\/en\/februar_2025-steuerfortentwicklungsgesetz\/","title":{"rendered":"Steuerfortentwicklungsgesetz"},"content":{"rendered":"<p><img decoding=\"async\" src=\"https:\/\/kanzlei-fahn.de\/wp-content\/uploads\/AdobeStock_307125300_Steuerfortentwicklungsgesetz_V2_w500_h0_q80_jpg.jpg\" \/><\/p>\n<h2>Steuerfortentwicklungsgesetz<\/h2>\n<p>Der Bundesrat hat am 20.12.2024 dem Steuerfortentwicklungsgesetz in der Fassung der Beschlussempfehlung des Finanzausschusses (BGBl 2024 I Nr. 449 vom 30.12.2024) zugestimmt. Die gek\u00fcrzte Fassung enthielt folgende Regelungen, die zum Jahresanfang 2025 in Kraft getreten sind:<\/p>\n<h2>Einkommensteuertarif, Kindergeld<\/h2>\n<p>Der Einkommensteuer-Grundfreibetrag f\u00fcr 2025 wurde von \u20ac 11.784,00 auf \u20ac 12.096,00 angehoben. Der Spitzensteuersatz von 42 Prozent greift in 2025 ab einem zu versteuernden Einkommen von \u20ac 68.481,00. Der Kinderfreibetrag steigt von \u20ac 6.612,00 auf \u20ac 6.672,00. Das Kindergeld wurde vom 1.1.2025 an um \u20ac 5,00 auf \u20ac 255,00 pro Kind und Monat angehoben. Vom Finanzausschuss unver\u00e4ndert \u00fcbernommen wurden die Anpassungen der Freigrenzen im Solidarit\u00e4tszuschlaggesetz. Der Solidarit\u00e4tszuschlag wird k\u00fcnftig f\u00e4llig ab einer festgesetzten Einkommensteuer von \u20ac 19.950,00 (\u20ac 39.900,00 f\u00fcr Zusammenveranlagte, bisher \u20ac 36.260,00).<\/p>\n<h2>Nicht umgesetzte Ma\u00dfnahmen<\/h2>\n<p>Gestrichen wurden u. a. folgende Ma\u00dfnahmen:<\/p>\n<ul>\n<li>\u00c4nderungen bei den Lohnsteuerklassen III und V (\u00dcberf\u00fchrung dieser Steuerklassenkombination bei erwerbst\u00e4tigen Ehegatten in das Faktorverfahren).<\/li>\n<li>Erh\u00f6hung der Betragsgrenze f\u00fcr Wirtschaftsg\u00fcter, f\u00fcr welche die Pool-Abschreibung gew\u00e4hlt werden kann von \u20ac 1.000,00 auf \u20ac 5.000,00 sowie eine Reduzierung der Abschreibungsdauer von f\u00fcnf auf drei Jahre.<\/li>\n<li>Fortf\u00fchrung der degressiven Abschreibung f\u00fcr bewegliche Wirtschaftsg\u00fcter, die nach dem 31.12.2024 angeschafft oder hergestellt werden bis einschlie\u00dflich 31.12.2028.<\/li>\n<li>Anhebung des Bemessungsgrundlagenh\u00f6chstbetrags f\u00fcr die Forschungszulage.<\/li>\n<\/ul>\n<p>Dar\u00fcber hinaus gestrichen wurden die Steuerbefreiung der Stiftung Generationenkapital, die geplante Digitalisierung der Sterbefallanzeigen sowie die Anpassungen an die Rechtsprechung des europ\u00e4ischen Gerichtshofs\/EuGH bez\u00fcglich Kindergeldleistungen f\u00fcr Unionsb\u00fcrger.<\/p>\n<p class=&quot;hide_creation_date&quot;>Stand: 28. Januar 2025<\/p>\n<div class=&quot;hide_image_author&quot;>\n<p>Bild: Dee karen &#8211; stock.adobe.com<\/p>\n<\/div>\n","protected":false},"excerpt":{"rendered":"<p>\u00c4nderungsgesetz in Ausz\u00fcgen in Kraft getreten<\/p>\n","protected":false},"author":1,"featured_media":0,"comment_status":"closed","ping_status":"closed","sticky":false,"template":"","format":"standard","meta":{"footnotes":""},"categories":[73],"tags":[],"class_list":["post-11828","post","type-post","status-publish","format-standard","hentry","category-steuernews"],"aioseo_notices":[],"_links":{"self":[{"href":"https:\/\/kanzlei-fahn.de\/en\/wp-json\/wp\/v2\/posts\/11828","targetHints":{"allow":["GET"]}}],"collection":[{"href":"https:\/\/kanzlei-fahn.de\/en\/wp-json\/wp\/v2\/posts"}],"about":[{"href":"https:\/\/kanzlei-fahn.de\/en\/wp-json\/wp\/v2\/types\/post"}],"author":[{"embeddable":true,"href":"https:\/\/kanzlei-fahn.de\/en\/wp-json\/wp\/v2\/users\/1"}],"replies":[{"embeddable":true,"href":"https:\/\/kanzlei-fahn.de\/en\/wp-json\/wp\/v2\/comments?post=11828"}],"version-history":[{"count":3,"href":"https:\/\/kanzlei-fahn.de\/en\/wp-json\/wp\/v2\/posts\/11828\/revisions"}],"predecessor-version":[{"id":12279,"href":"https:\/\/kanzlei-fahn.de\/en\/wp-json\/wp\/v2\/posts\/11828\/revisions\/12279"}],"wp:attachment":[{"href":"https:\/\/kanzlei-fahn.de\/en\/wp-json\/wp\/v2\/media?parent=11828"}],"wp:term":[{"taxonomy":"category","embeddable":true,"href":"https:\/\/kanzlei-fahn.de\/en\/wp-json\/wp\/v2\/categories?post=11828"},{"taxonomy":"post_tag","embeddable":true,"href":"https:\/\/kanzlei-fahn.de\/en\/wp-json\/wp\/v2\/tags?post=11828"}],"curies":[{"name":"wp","href":"https:\/\/api.w.org\/{rel}","templated":true}]}}