{"id":11831,"date":"2025-02-01T00:00:00","date_gmt":"2025-01-31T23:00:00","guid":{"rendered":"https:\/\/kanzlei-fahn.de\/februar_2025-jahressteuergesetz_2024\/"},"modified":"2025-10-01T12:27:43","modified_gmt":"2025-10-01T10:27:43","slug":"februar_2025-jahressteuergesetz_2024","status":"publish","type":"post","link":"https:\/\/kanzlei-fahn.de\/en\/februar_2025-jahressteuergesetz_2024\/","title":{"rendered":"Jahressteuergesetz 2024"},"content":{"rendered":"<p><img decoding=\"async\" src=\"https:\/\/kanzlei-fahn.de\/wp-content\/uploads\/AdobeStock_939121444_Jahressteuergesetz_2024_V2_w500_h0_q80_jpg.jpg\" \/><\/p>\n<h2>Jahressteuergesetz 2024<\/h2>\n<p>Das Jahressteuergesetz 2024 (BGBl. 2024 I Nr. 387) enth\u00e4lt eine Vielzahl gesetzlicher Anpassungen im Lohnsteuerrecht, welche speziell f\u00fcr Arbeitgeberinnen und Arbeitgeber relevant sind. Unter anderem wurde die bisherige Praxis f\u00fcr die Inanspruchnahme der Lohnsteuerpauschalierung ins Gesetz aufgenommen. Arbeitgeber k\u00f6nnen die Pauschalierung einfach durch \u00dcbermittlung bzw. Abgabe einer entsprechenden Lohnsteuer-Anmeldung in Anspruch nehmen (\u00a7 40 Abs 4 Einkommensteuergesetz\/EStG).<\/p>\n<h2>F\u00fcnftelregelung<\/h2>\n<p>Ab 2025 kann die F\u00fcnftelregelung (z. B. f\u00fcr Abfindungszahlungen) im Rahmen des Lohnsteuerabzugs nicht mehr angewendet werden. Arbeitnehmerinnen und Arbeitnehmer k\u00f6nnen die Tariferm\u00e4\u00dfigung allerdings weiterhin im Veranlagungsverfahren geltend machen.<\/p>\n<h2>Lohnsteuer-Jahresausgleich<\/h2>\n<p>Dar\u00fcber hinaus ist ein Lohnsteuer-Jahresausgleich bei Bezug von ausl\u00e4ndischen Eink\u00fcnften, von denen keine inl\u00e4ndische Lohnsteuer einbehalten wurde, nicht mehr m\u00f6glich (\u00a7 42b Abs. 1 Satz 3 Nr. 6 EStG neu). Der Jahresausgleich ist auch dann nicht mehr durchzuf\u00fchren, wenn f\u00fcr die Steuerpflichtige bzw. den Steuerpflichtigen bei der Vorsorgepauschale im Zusammenhang mit der Pflegeversicherung unterschiedliche Abschl\u00e4ge zu ber\u00fccksichtigen sind (\u00a7 39b Abs. 2 Satz 5 Nr. 3 EStG-neu).<\/p>\n<h2>Lohnsteuerfreibetr\u00e4ge<\/h2>\n<p>Die Antragsfrist f\u00fcr Lohnsteuerfreibetr\u00e4ge beginnt k\u00fcnftig jeweils am 1. November des entsprechenden Vorjahres (bisher 1. Oktober, \u00a7 39a Abs. 2 EStG neu). Die Terminverschiebung gilt erstmalig f\u00fcr das Erm\u00e4\u00dfigungsverfahren 2026).<\/p>\n<p class=&quot;hide_creation_date&quot;>Stand: 28. Januar 2025<\/p>\n<div class=&quot;hide_image_author&quot;>\n<p>Bild: FON&#39;s Fasai &#8211; stock.adobe.com<\/p>\n<\/div>\n","protected":false},"excerpt":{"rendered":"<p>Lohnsteuerliche \u00c4nderungen ab 2025<\/p>\n","protected":false},"author":1,"featured_media":0,"comment_status":"closed","ping_status":"closed","sticky":false,"template":"","format":"standard","meta":{"footnotes":""},"categories":[73],"tags":[],"class_list":["post-11831","post","type-post","status-publish","format-standard","hentry","category-steuernews"],"aioseo_notices":[],"_links":{"self":[{"href":"https:\/\/kanzlei-fahn.de\/en\/wp-json\/wp\/v2\/posts\/11831","targetHints":{"allow":["GET"]}}],"collection":[{"href":"https:\/\/kanzlei-fahn.de\/en\/wp-json\/wp\/v2\/posts"}],"about":[{"href":"https:\/\/kanzlei-fahn.de\/en\/wp-json\/wp\/v2\/types\/post"}],"author":[{"embeddable":true,"href":"https:\/\/kanzlei-fahn.de\/en\/wp-json\/wp\/v2\/users\/1"}],"replies":[{"embeddable":true,"href":"https:\/\/kanzlei-fahn.de\/en\/wp-json\/wp\/v2\/comments?post=11831"}],"version-history":[{"count":3,"href":"https:\/\/kanzlei-fahn.de\/en\/wp-json\/wp\/v2\/posts\/11831\/revisions"}],"predecessor-version":[{"id":12281,"href":"https:\/\/kanzlei-fahn.de\/en\/wp-json\/wp\/v2\/posts\/11831\/revisions\/12281"}],"wp:attachment":[{"href":"https:\/\/kanzlei-fahn.de\/en\/wp-json\/wp\/v2\/media?parent=11831"}],"wp:term":[{"taxonomy":"category","embeddable":true,"href":"https:\/\/kanzlei-fahn.de\/en\/wp-json\/wp\/v2\/categories?post=11831"},{"taxonomy":"post_tag","embeddable":true,"href":"https:\/\/kanzlei-fahn.de\/en\/wp-json\/wp\/v2\/tags?post=11831"}],"curies":[{"name":"wp","href":"https:\/\/api.w.org\/{rel}","templated":true}]}}