{"id":11849,"date":"2025-02-01T00:00:00","date_gmt":"2025-01-31T23:00:00","guid":{"rendered":"https:\/\/kanzlei-fahn.de\/februar_2025-niessbrauch_2025\/"},"modified":"2025-10-01T12:27:44","modified_gmt":"2025-10-01T10:27:44","slug":"februar_2025-niessbrauch_2025","status":"publish","type":"post","link":"https:\/\/kanzlei-fahn.de\/en\/februar_2025-niessbrauch_2025\/","title":{"rendered":"Nie\u00dfbrauch 2025"},"content":{"rendered":"<p><img decoding=\"async\" src=\"https:\/\/kanzlei-fahn.de\/wp-content\/uploads\/AdobeStock_410489111_Niessbrauch_2025_V2_w500_h0_q80_jpg.jpg\" \/><\/p>\n<h2>Nie\u00dfbrauch<\/h2>\n<p>\u00dcbertragungen unter Nie\u00dfbrauchsvorbehalt z\u00e4hlen zu den beliebtesten Instrumenten im Rahmen der vorweggenommenen Erbfolgeplanung. Nie\u00dfbrauchslasten sind mit ihrem Kapitalwert erwerbsmindernd zu ber\u00fccksichtigen. Der Kapitalwert errechnet sich aus dem Jahreswert multipliziert mit dem jeweils ma\u00dfgeblichen Vervielf\u00e4ltiger.<\/p>\n<h2>Neues BMF-Schreiben<\/h2>\n<p>Die Finanzverwaltung hat mit Schreiben vom 9.12.2024 (IV D 4 &#8211; S 3104\/19\/10001 :010) die f\u00fcr Bewertungsstichtage ab 2025 geltenden Vervielf\u00e4ltiger bekannt gegeben. Die Multiplikatoren wurden nach der am 21.8.2024 ver\u00f6ffentlichten Sterbetafel 2021\/2023 des Statistischen Bundesamtes unter Verwendung eines Zwischenzinses und Zinseszinssatzes von 5,5 Prozent errechnet.<\/p>\n<p class=&quot;hide_creation_date&quot;>Stand: 28. Januar 2025<\/p>\n<div class=&quot;hide_image_author&quot;>\n<p>Bild: RioPatuca Images &#8211; stock.adobe.com<\/p>\n<\/div>\n","protected":false},"excerpt":{"rendered":"<p>BMF ver\u00f6ffentlicht Vervielf\u00e4ltiger f\u00fcr 2025<\/p>\n","protected":false},"author":1,"featured_media":0,"comment_status":"closed","ping_status":"closed","sticky":false,"template":"","format":"standard","meta":{"footnotes":""},"categories":[73],"tags":[],"class_list":["post-11849","post","type-post","status-publish","format-standard","hentry","category-steuernews"],"aioseo_notices":[],"_links":{"self":[{"href":"https:\/\/kanzlei-fahn.de\/en\/wp-json\/wp\/v2\/posts\/11849","targetHints":{"allow":["GET"]}}],"collection":[{"href":"https:\/\/kanzlei-fahn.de\/en\/wp-json\/wp\/v2\/posts"}],"about":[{"href":"https:\/\/kanzlei-fahn.de\/en\/wp-json\/wp\/v2\/types\/post"}],"author":[{"embeddable":true,"href":"https:\/\/kanzlei-fahn.de\/en\/wp-json\/wp\/v2\/users\/1"}],"replies":[{"embeddable":true,"href":"https:\/\/kanzlei-fahn.de\/en\/wp-json\/wp\/v2\/comments?post=11849"}],"version-history":[{"count":3,"href":"https:\/\/kanzlei-fahn.de\/en\/wp-json\/wp\/v2\/posts\/11849\/revisions"}],"predecessor-version":[{"id":12293,"href":"https:\/\/kanzlei-fahn.de\/en\/wp-json\/wp\/v2\/posts\/11849\/revisions\/12293"}],"wp:attachment":[{"href":"https:\/\/kanzlei-fahn.de\/en\/wp-json\/wp\/v2\/media?parent=11849"}],"wp:term":[{"taxonomy":"category","embeddable":true,"href":"https:\/\/kanzlei-fahn.de\/en\/wp-json\/wp\/v2\/categories?post=11849"},{"taxonomy":"post_tag","embeddable":true,"href":"https:\/\/kanzlei-fahn.de\/en\/wp-json\/wp\/v2\/tags?post=11849"}],"curies":[{"name":"wp","href":"https:\/\/api.w.org\/{rel}","templated":true}]}}