{"id":11911,"date":"2025-03-01T00:00:00","date_gmt":"2025-02-28T23:00:00","guid":{"rendered":"https:\/\/kanzlei-fahn.de\/maerz_2025-vorabpauschale_fuer_investmentfonds_2026\/"},"modified":"2026-02-02T09:32:14","modified_gmt":"2026-02-02T08:32:14","slug":"maerz_2025-vorabpauschale_fuer_investmentfonds_2026","status":"publish","type":"post","link":"https:\/\/kanzlei-fahn.de\/en\/maerz_2025-vorabpauschale_fuer_investmentfonds_2026\/","title":{"rendered":"Vorabpauschale f\u00fcr Investmentfonds 2026"},"content":{"rendered":"<p><img decoding=\"async\" src=\"https:\/\/kanzlei-fahn.de\/wp-content\/uploads\/AdobeStock_942349247_Vorabpauschale_fuer_Investmentfonds_2026_V2_w500_h0_q80_jpg-1.jpg\" \/><\/p>\n<h2>Basiszins 2025<\/h2>\n<p>Fondsanleger zahlen seit Ende der Nullzinspolitik auf ihre Investmentfondsertr\u00e4ge wieder eine sogenannte Vorabpauschale. Das Bundesfinanzministerium\/BMF gibt allj\u00e4hrlich in einem separaten Schreiben den f\u00fcr das betreffende Ver\u00f6ffentlichungsjahr ma\u00dfgeblichen Basiszinssatz bekannt. F\u00fcr 2025 hat das BMF den zur Berechnung der Vorabpauschale ma\u00dfgeblichen Basiszinssatz mit Schreiben vom 10.1.2025 (Az. IV C 1 -S 1980\/00230\/009\/002) bekannt gegeben. Dieser betr\u00e4gt 2,53 %. Der Zinssatz entspricht der Verzinsung von Bundeswertpapieren mit j\u00e4hrlicher Kuponzahlung und einer Restlaufzeit von 15 Jahren.<\/p>\n<h2>Vorabpauschale<\/h2>\n<p>Die Vorabpauschale betr\u00e4gt 70 % des sich aus der Multiplikation des R\u00fccknahmepreises vom Jahresanfang des Vorjahres mit dem Berechnungszinssatz ergebenden Produktes. Beispiel: R\u00fccknahmepreis des Fondsanteils zum Kalenderjahresbeginn = \u20ac 100,00. Die Vorabpauschale betr\u00e4gt 100 x (2,53 % x 70 % = 1,77 %) = \u20ac 1,77 pro Fondsanteil. Die Pauschale ist gedeckelt auf die Ver\u00e4nderungen des Fondanteilswertes im Kalenderjahresverlauf. Bei Verlust ist keine Vorabpauschale f\u00e4llig. Bei unterj\u00e4hrigem Kauf der Anteile ist die Vorabpauschale monatsweise zu berechnen (z. B. Kauf im Juni = Anteil 7\/12 der Jahresvorabpauschale).<\/p>\n<h2>F\u00e4lligkeit<\/h2>\n<p>Die Belastung des Anlegers mit der Vorabpauschale erfolgt f\u00fcr das Veranlagungsjahr jeweils am ersten Werktag des Folgejahrs. Die Vorabpauschale f\u00fcr das Veranlagungsjahr 2025 ist somit f\u00e4llig zum 2.1.2026.<\/p>\n<p class=&quot;hide_creation_date&quot;>Stand: 25. Februar 2025<\/p>\n<div class=&quot;hide_image_author&quot;>\n<p>Bild: Suriya &#8211; stock.adobe.com<\/p>\n<\/div>\n","protected":false},"excerpt":{"rendered":"<p>Bundesfinanzministerium ver\u00f6ffentlicht Basiszins zur Berechnung der Vorabpauschale 2025\/2026<\/p>\n","protected":false},"author":1,"featured_media":11967,"comment_status":"closed","ping_status":"closed","sticky":false,"template":"","format":"standard","meta":{"footnotes":""},"categories":[73],"tags":[],"class_list":["post-11911","post","type-post","status-publish","format-standard","has-post-thumbnail","hentry","category-steuernews"],"aioseo_notices":[],"_links":{"self":[{"href":"https:\/\/kanzlei-fahn.de\/en\/wp-json\/wp\/v2\/posts\/11911","targetHints":{"allow":["GET"]}}],"collection":[{"href":"https:\/\/kanzlei-fahn.de\/en\/wp-json\/wp\/v2\/posts"}],"about":[{"href":"https:\/\/kanzlei-fahn.de\/en\/wp-json\/wp\/v2\/types\/post"}],"author":[{"embeddable":true,"href":"https:\/\/kanzlei-fahn.de\/en\/wp-json\/wp\/v2\/users\/1"}],"replies":[{"embeddable":true,"href":"https:\/\/kanzlei-fahn.de\/en\/wp-json\/wp\/v2\/comments?post=11911"}],"version-history":[{"count":7,"href":"https:\/\/kanzlei-fahn.de\/en\/wp-json\/wp\/v2\/posts\/11911\/revisions"}],"predecessor-version":[{"id":12689,"href":"https:\/\/kanzlei-fahn.de\/en\/wp-json\/wp\/v2\/posts\/11911\/revisions\/12689"}],"wp:featuredmedia":[{"embeddable":true,"href":"https:\/\/kanzlei-fahn.de\/en\/wp-json\/wp\/v2\/media\/11967"}],"wp:attachment":[{"href":"https:\/\/kanzlei-fahn.de\/en\/wp-json\/wp\/v2\/media?parent=11911"}],"wp:term":[{"taxonomy":"category","embeddable":true,"href":"https:\/\/kanzlei-fahn.de\/en\/wp-json\/wp\/v2\/categories?post=11911"},{"taxonomy":"post_tag","embeddable":true,"href":"https:\/\/kanzlei-fahn.de\/en\/wp-json\/wp\/v2\/tags?post=11911"}],"curies":[{"name":"wp","href":"https:\/\/api.w.org\/{rel}","templated":true}]}}